{"id":810,"date":"2022-09-20T11:35:00","date_gmt":"2022-09-20T09:35:00","guid":{"rendered":"https:\/\/boln.eu\/en\/?p=810"},"modified":"2024-09-20T11:36:17","modified_gmt":"2024-09-20T09:36:17","slug":"k-dusseldorf-22","status":"publish","type":"post","link":"https:\/\/boln.eu\/en\/k-dusseldorf-22\/","title":{"rendered":"K D\u00fcsseldorf '22"},"content":{"rendered":"<p class=\"has-h-300-font-size\">The multinational chemical company BASF has relied on our furniture to equip its stand at the K D\u00fcsseldorf'22, held from 19 to 26 October.<\/p>\n\n\n\n<p>BASF, a leader in the research and development of sustainable plastics from renewable raw materials, has chosen furniture from our Sarek collection for its stand at K D\u00fcsseldorf'22 as an example of a product developed from raw materials derived from vegetable waste.<\/p>\n\n\n\n<p>Sarek is a modular furniture collection by B\u00f5ln made with Flexyskin, a proprietary technology that uses plant-based polyurethane foam and provides a series of qualities that are particularly suitable for collective use.<\/p>\n\n\n\n<p>Held every three years, K D\u00fcsseldorf presents the full range of industry innovations at the highest international level in one of Europe's leading economic, cultural and communications centres.<\/p>","protected":false},"excerpt":{"rendered":"<p>B\u00f5ln products on the BASF stand at K D\u00fcsseldorf'22, the world's leading trade fair for plastics and rubber.<\/p>","protected":false},"author":5,"featured_media":812,"comment_status":"open","ping_status":"open","sticky":false,"template":"","format":"standard","meta":{"_acf_changed":false,"inline_featured_image":false,"footnotes":""},"categories":[15],"tags":[],"class_list":["post-810","post","type-post","status-publish","format-standard","has-post-thumbnail","hentry","category-eventos"],"acf":[],"yoast_head":"<!-- This site is optimized with the Yoast SEO plugin v27.3 - https:\/\/yoast.com\/product\/yoast-seo-wordpress\/ -->\n<title>K D\u00fcsseldorf &#039;22 - Boln<\/title>\n<meta name=\"robots\" content=\"index, follow, max-snippet:-1, max-image-preview:large, max-video-preview:-1\" \/>\n<link rel=\"canonical\" href=\"https:\/\/boln.eu\/en\/k-dusseldorf-22\/\" \/>\n<meta property=\"og:locale\" content=\"en_GB\" \/>\n<meta property=\"og:type\" content=\"article\" \/>\n<meta property=\"og:title\" content=\"K D\u00fcsseldorf &#039;22 - Boln\" \/>\n<meta property=\"og:description\" content=\"Los productos de B\u00f5ln, presentes en el stand de BASF en K D\u00fcsseldorf\u201922, la feria m\u00e1s importante del mundo en el sector del pl\u00e1stico y el caucho.\" \/>\n<meta property=\"og:url\" content=\"https:\/\/boln.eu\/en\/k-dusseldorf-22\/\" \/>\n<meta property=\"og:site_name\" content=\"Boln\" \/>\n<meta property=\"article:published_time\" content=\"2022-09-20T09:35:00+00:00\" \/>\n<meta property=\"article:modified_time\" content=\"2024-09-20T09:36:17+00:00\" \/>\n<meta property=\"og:image\" content=\"https:\/\/boln.eu\/wp-content\/uploads\/2024\/09\/tokyo-cabecera-ktradefair-1-1.jpg\" \/>\n\t<meta property=\"og:image:width\" content=\"1300\" \/>\n\t<meta property=\"og:image:height\" content=\"794\" \/>\n\t<meta property=\"og:image:type\" content=\"image\/jpeg\" \/>\n<meta name=\"author\" content=\"jose\" \/>\n<meta name=\"twitter:card\" content=\"summary_large_image\" \/>\n<meta name=\"twitter:label1\" content=\"Written by\" \/>\n\t<meta name=\"twitter:data1\" content=\"jose\" \/>\n\t<meta name=\"twitter:label2\" content=\"Estimated reading time\" \/>\n\t<meta name=\"twitter:data2\" content=\"1 minute\" \/>\n<script type=\"application\/ld+json\" class=\"yoast-schema-graph\">{\"@context\":\"https:\\\/\\\/schema.org\",\"@graph\":[{\"@type\":\"Article\",\"@id\":\"https:\\\/\\\/boln.eu\\\/k-dusseldorf-22\\\/#article\",\"isPartOf\":{\"@id\":\"https:\\\/\\\/boln.eu\\\/k-dusseldorf-22\\\/\"},\"author\":{\"name\":\"jose\",\"@id\":\"https:\\\/\\\/boln.eu\\\/#\\\/schema\\\/person\\\/68cbf679b6d9133b4f64bc5e86461f25\"},\"headline\":\"K D\u00fcsseldorf &#8217;22\",\"datePublished\":\"2022-09-20T09:35:00+00:00\",\"dateModified\":\"2024-09-20T09:36:17+00:00\",\"mainEntityOfPage\":{\"@id\":\"https:\\\/\\\/boln.eu\\\/k-dusseldorf-22\\\/\"},\"wordCount\":155,\"commentCount\":0,\"publisher\":{\"@id\":\"https:\\\/\\\/boln.eu\\\/#organization\"},\"image\":{\"@id\":\"https:\\\/\\\/boln.eu\\\/k-dusseldorf-22\\\/#primaryimage\"},\"thumbnailUrl\":\"https:\\\/\\\/boln.eu\\\/wp-content\\\/uploads\\\/2024\\\/09\\\/tokyo-cabecera-ktradefair-1-1.jpg\",\"articleSection\":[\"Eventos\"],\"inLanguage\":\"en-GB\",\"potentialAction\":[{\"@type\":\"CommentAction\",\"name\":\"Comment\",\"target\":[\"https:\\\/\\\/boln.eu\\\/k-dusseldorf-22\\\/#respond\"]}]},{\"@type\":\"WebPage\",\"@id\":\"https:\\\/\\\/boln.eu\\\/k-dusseldorf-22\\\/\",\"url\":\"https:\\\/\\\/boln.eu\\\/k-dusseldorf-22\\\/\",\"name\":\"K D\u00fcsseldorf '22 - Boln\",\"isPartOf\":{\"@id\":\"https:\\\/\\\/boln.eu\\\/#website\"},\"primaryImageOfPage\":{\"@id\":\"https:\\\/\\\/boln.eu\\\/k-dusseldorf-22\\\/#primaryimage\"},\"image\":{\"@id\":\"https:\\\/\\\/boln.eu\\\/k-dusseldorf-22\\\/#primaryimage\"},\"thumbnailUrl\":\"https:\\\/\\\/boln.eu\\\/wp-content\\\/uploads\\\/2024\\\/09\\\/tokyo-cabecera-ktradefair-1-1.jpg\",\"datePublished\":\"2022-09-20T09:35:00+00:00\",\"dateModified\":\"2024-09-20T09:36:17+00:00\",\"breadcrumb\":{\"@id\":\"https:\\\/\\\/boln.eu\\\/k-dusseldorf-22\\\/#breadcrumb\"},\"inLanguage\":\"en-GB\",\"potentialAction\":[{\"@type\":\"ReadAction\",\"target\":[\"https:\\\/\\\/boln.eu\\\/k-dusseldorf-22\\\/\"]}]},{\"@type\":\"ImageObject\",\"inLanguage\":\"en-GB\",\"@id\":\"https:\\\/\\\/boln.eu\\\/k-dusseldorf-22\\\/#primaryimage\",\"url\":\"https:\\\/\\\/boln.eu\\\/wp-content\\\/uploads\\\/2024\\\/09\\\/tokyo-cabecera-ktradefair-1-1.jpg\",\"contentUrl\":\"https:\\\/\\\/boln.eu\\\/wp-content\\\/uploads\\\/2024\\\/09\\\/tokyo-cabecera-ktradefair-1-1.jpg\",\"width\":1300,\"height\":794},{\"@type\":\"BreadcrumbList\",\"@id\":\"https:\\\/\\\/boln.eu\\\/k-dusseldorf-22\\\/#breadcrumb\",\"itemListElement\":[{\"@type\":\"ListItem\",\"position\":1,\"name\":\"Portada\",\"item\":\"https:\\\/\\\/boln.eu\\\/\"},{\"@type\":\"ListItem\",\"position\":2,\"name\":\"K D\u00fcsseldorf &#8217;22\"}]},{\"@type\":\"WebSite\",\"@id\":\"https:\\\/\\\/boln.eu\\\/#website\",\"url\":\"https:\\\/\\\/boln.eu\\\/\",\"name\":\"Boln\",\"description\":\"El futuro es adaptarse de manera flexible.\",\"publisher\":{\"@id\":\"https:\\\/\\\/boln.eu\\\/#organization\"},\"potentialAction\":[{\"@type\":\"SearchAction\",\"target\":{\"@type\":\"EntryPoint\",\"urlTemplate\":\"https:\\\/\\\/boln.eu\\\/?s={search_term_string}\"},\"query-input\":{\"@type\":\"PropertyValueSpecification\",\"valueRequired\":true,\"valueName\":\"search_term_string\"}}],\"inLanguage\":\"en-GB\"},{\"@type\":\"Organization\",\"@id\":\"https:\\\/\\\/boln.eu\\\/#organization\",\"name\":\"Boln\",\"url\":\"https:\\\/\\\/boln.eu\\\/\",\"logo\":{\"@type\":\"ImageObject\",\"inLanguage\":\"en-GB\",\"@id\":\"https:\\\/\\\/boln.eu\\\/#\\\/schema\\\/logo\\\/image\\\/\",\"url\":\"https:\\\/\\\/boln.eu\\\/wp-content\\\/uploads\\\/2024\\\/08\\\/logo-boln.svg\",\"contentUrl\":\"https:\\\/\\\/boln.eu\\\/wp-content\\\/uploads\\\/2024\\\/08\\\/logo-boln.svg\",\"width\":81,\"height\":30,\"caption\":\"Boln\"},\"image\":{\"@id\":\"https:\\\/\\\/boln.eu\\\/#\\\/schema\\\/logo\\\/image\\\/\"}},{\"@type\":\"Person\",\"@id\":\"https:\\\/\\\/boln.eu\\\/#\\\/schema\\\/person\\\/68cbf679b6d9133b4f64bc5e86461f25\",\"name\":\"jose\",\"image\":{\"@type\":\"ImageObject\",\"inLanguage\":\"en-GB\",\"@id\":\"https:\\\/\\\/secure.gravatar.com\\\/avatar\\\/079dce672dc28b2c5ffd3062a1bb1cac04f2262e5df73e534cf4ebb1fea22dd6?s=96&d=mm&r=g\",\"url\":\"https:\\\/\\\/secure.gravatar.com\\\/avatar\\\/079dce672dc28b2c5ffd3062a1bb1cac04f2262e5df73e534cf4ebb1fea22dd6?s=96&d=mm&r=g\",\"contentUrl\":\"https:\\\/\\\/secure.gravatar.com\\\/avatar\\\/079dce672dc28b2c5ffd3062a1bb1cac04f2262e5df73e534cf4ebb1fea22dd6?s=96&d=mm&r=g\",\"caption\":\"jose\"},\"url\":\"https:\\\/\\\/boln.eu\\\/en\\\/author\\\/jose\\\/\"}]}<\/script>\n<!-- \/ Yoast SEO plugin. -->","yoast_head_json":{"title":"K D\u00fcsseldorf '22 - Boln","robots":{"index":"index","follow":"follow","max-snippet":"max-snippet:-1","max-image-preview":"max-image-preview:large","max-video-preview":"max-video-preview:-1"},"canonical":"https:\/\/boln.eu\/en\/k-dusseldorf-22\/","og_locale":"en_GB","og_type":"article","og_title":"K D\u00fcsseldorf '22 - Boln","og_description":"Los productos de B\u00f5ln, presentes en el stand de BASF en K D\u00fcsseldorf\u201922, la feria m\u00e1s importante del mundo en el sector del pl\u00e1stico y el caucho.","og_url":"https:\/\/boln.eu\/en\/k-dusseldorf-22\/","og_site_name":"Boln","article_published_time":"2022-09-20T09:35:00+00:00","article_modified_time":"2024-09-20T09:36:17+00:00","og_image":[{"width":1300,"height":794,"url":"https:\/\/boln.eu\/wp-content\/uploads\/2024\/09\/tokyo-cabecera-ktradefair-1-1.jpg","type":"image\/jpeg"}],"author":"jose","twitter_card":"summary_large_image","twitter_misc":{"Written by":"jose","Estimated reading time":"1 minute"},"schema":{"@context":"https:\/\/schema.org","@graph":[{"@type":"Article","@id":"https:\/\/boln.eu\/k-dusseldorf-22\/#article","isPartOf":{"@id":"https:\/\/boln.eu\/k-dusseldorf-22\/"},"author":{"name":"jose","@id":"https:\/\/boln.eu\/#\/schema\/person\/68cbf679b6d9133b4f64bc5e86461f25"},"headline":"K D\u00fcsseldorf &#8217;22","datePublished":"2022-09-20T09:35:00+00:00","dateModified":"2024-09-20T09:36:17+00:00","mainEntityOfPage":{"@id":"https:\/\/boln.eu\/k-dusseldorf-22\/"},"wordCount":155,"commentCount":0,"publisher":{"@id":"https:\/\/boln.eu\/#organization"},"image":{"@id":"https:\/\/boln.eu\/k-dusseldorf-22\/#primaryimage"},"thumbnailUrl":"https:\/\/boln.eu\/wp-content\/uploads\/2024\/09\/tokyo-cabecera-ktradefair-1-1.jpg","articleSection":["Eventos"],"inLanguage":"en-GB","potentialAction":[{"@type":"CommentAction","name":"Comment","target":["https:\/\/boln.eu\/k-dusseldorf-22\/#respond"]}]},{"@type":"WebPage","@id":"https:\/\/boln.eu\/k-dusseldorf-22\/","url":"https:\/\/boln.eu\/k-dusseldorf-22\/","name":"K D\u00fcsseldorf '22 - Boln","isPartOf":{"@id":"https:\/\/boln.eu\/#website"},"primaryImageOfPage":{"@id":"https:\/\/boln.eu\/k-dusseldorf-22\/#primaryimage"},"image":{"@id":"https:\/\/boln.eu\/k-dusseldorf-22\/#primaryimage"},"thumbnailUrl":"https:\/\/boln.eu\/wp-content\/uploads\/2024\/09\/tokyo-cabecera-ktradefair-1-1.jpg","datePublished":"2022-09-20T09:35:00+00:00","dateModified":"2024-09-20T09:36:17+00:00","breadcrumb":{"@id":"https:\/\/boln.eu\/k-dusseldorf-22\/#breadcrumb"},"inLanguage":"en-GB","potentialAction":[{"@type":"ReadAction","target":["https:\/\/boln.eu\/k-dusseldorf-22\/"]}]},{"@type":"ImageObject","inLanguage":"en-GB","@id":"https:\/\/boln.eu\/k-dusseldorf-22\/#primaryimage","url":"https:\/\/boln.eu\/wp-content\/uploads\/2024\/09\/tokyo-cabecera-ktradefair-1-1.jpg","contentUrl":"https:\/\/boln.eu\/wp-content\/uploads\/2024\/09\/tokyo-cabecera-ktradefair-1-1.jpg","width":1300,"height":794},{"@type":"BreadcrumbList","@id":"https:\/\/boln.eu\/k-dusseldorf-22\/#breadcrumb","itemListElement":[{"@type":"ListItem","position":1,"name":"Portada","item":"https:\/\/boln.eu\/"},{"@type":"ListItem","position":2,"name":"K D\u00fcsseldorf &#8217;22"}]},{"@type":"WebSite","@id":"https:\/\/boln.eu\/#website","url":"https:\/\/boln.eu\/","name":"Boln","description":"The future is about adapting flexibly.","publisher":{"@id":"https:\/\/boln.eu\/#organization"},"potentialAction":[{"@type":"SearchAction","target":{"@type":"EntryPoint","urlTemplate":"https:\/\/boln.eu\/?s={search_term_string}"},"query-input":{"@type":"PropertyValueSpecification","valueRequired":true,"valueName":"search_term_string"}}],"inLanguage":"en-GB"},{"@type":"Organization","@id":"https:\/\/boln.eu\/#organization","name":"Boln","url":"https:\/\/boln.eu\/","logo":{"@type":"ImageObject","inLanguage":"en-GB","@id":"https:\/\/boln.eu\/#\/schema\/logo\/image\/","url":"https:\/\/boln.eu\/wp-content\/uploads\/2024\/08\/logo-boln.svg","contentUrl":"https:\/\/boln.eu\/wp-content\/uploads\/2024\/08\/logo-boln.svg","width":81,"height":30,"caption":"Boln"},"image":{"@id":"https:\/\/boln.eu\/#\/schema\/logo\/image\/"}},{"@type":"Person","@id":"https:\/\/boln.eu\/#\/schema\/person\/68cbf679b6d9133b4f64bc5e86461f25","name":"jose","image":{"@type":"ImageObject","inLanguage":"en-GB","@id":"https:\/\/secure.gravatar.com\/avatar\/079dce672dc28b2c5ffd3062a1bb1cac04f2262e5df73e534cf4ebb1fea22dd6?s=96&d=mm&r=g","url":"https:\/\/secure.gravatar.com\/avatar\/079dce672dc28b2c5ffd3062a1bb1cac04f2262e5df73e534cf4ebb1fea22dd6?s=96&d=mm&r=g","contentUrl":"https:\/\/secure.gravatar.com\/avatar\/079dce672dc28b2c5ffd3062a1bb1cac04f2262e5df73e534cf4ebb1fea22dd6?s=96&d=mm&r=g","caption":"jose"},"url":"https:\/\/boln.eu\/en\/author\/jose\/"}]}},"_links":{"self":[{"href":"https:\/\/boln.eu\/en\/wp-json\/wp\/v2\/posts\/810","targetHints":{"allow":["GET"]}}],"collection":[{"href":"https:\/\/boln.eu\/en\/wp-json\/wp\/v2\/posts"}],"about":[{"href":"https:\/\/boln.eu\/en\/wp-json\/wp\/v2\/types\/post"}],"author":[{"embeddable":true,"href":"https:\/\/boln.eu\/en\/wp-json\/wp\/v2\/users\/5"}],"replies":[{"embeddable":true,"href":"https:\/\/boln.eu\/en\/wp-json\/wp\/v2\/comments?post=810"}],"version-history":[{"count":2,"href":"https:\/\/boln.eu\/en\/wp-json\/wp\/v2\/posts\/810\/revisions"}],"predecessor-version":[{"id":814,"href":"https:\/\/boln.eu\/en\/wp-json\/wp\/v2\/posts\/810\/revisions\/814"}],"wp:featuredmedia":[{"embeddable":true,"href":"https:\/\/boln.eu\/en\/wp-json\/wp\/v2\/media\/812"}],"wp:attachment":[{"href":"https:\/\/boln.eu\/en\/wp-json\/wp\/v2\/media?parent=810"}],"wp:term":[{"taxonomy":"category","embeddable":true,"href":"https:\/\/boln.eu\/en\/wp-json\/wp\/v2\/categories?post=810"},{"taxonomy":"post_tag","embeddable":true,"href":"https:\/\/boln.eu\/en\/wp-json\/wp\/v2\/tags?post=810"}],"curies":[{"name":"wp","href":"https:\/\/api.w.org\/{rel}","templated":true}]}}