{"id":1765,"date":"2025-10-03T09:38:28","date_gmt":"2025-10-03T07:38:28","guid":{"rendered":"https:\/\/boln.eu\/?p=1765"},"modified":"2025-10-15T09:38:49","modified_gmt":"2025-10-15T07:38:49","slug":"habitat-valencia-2025-fair","status":"publish","type":"post","link":"https:\/\/boln.eu\/en\/feria-habitat-valencia-2025\/","title":{"rendered":"Habitat Valencia 2025 Fair"},"content":{"rendered":"<p>During these days, we have shared our vision on how contract furniture can contribute to create more functional, versatile and human environments.<\/p>\n\n\n\n<p>We present our latest collections designed to respond to the new uses of professional and public spaces. Modular, resistant and sustainable pieces that invite you to transform offices, commercial spaces or educational environments into places full of possibilities.<\/p>\n\n\n\n<p>Thanks to all of you who came to our stand, discovered our proposals and shared your ideas with us.<\/p>\n\n\n\n<p>Events such as Feria H\u00e1bitat Valencia reinforce our aim to continue designing solutions that speak the language of brands and improve the experience of those who inhabit spaces, providing comfort, innovation and creativity.<\/p>","protected":false},"excerpt":{"rendered":"<p>Once again, B\u00f5ln has been present at Feria H\u00e1bitat Valencia, the international showcase of reference for the design industry in Spain. We returned full of energy, stimulating conversations and lots of inspiration.<\/p>","protected":false},"author":5,"featured_media":1767,"comment_status":"open","ping_status":"open","sticky":false,"template":"","format":"standard","meta":{"_acf_changed":false,"inline_featured_image":false,"footnotes":""},"categories":[15],"tags":[],"class_list":["post-1765","post","type-post","status-publish","format-standard","has-post-thumbnail","hentry","category-eventos"],"acf":[],"yoast_head":"<!-- This site is optimized with the Yoast SEO plugin v27.3 - https:\/\/yoast.com\/product\/yoast-seo-wordpress\/ -->\n<title>Feria H\u00e1bitat Valencia 2025 - Boln<\/title>\n<meta name=\"robots\" content=\"index, follow, max-snippet:-1, max-image-preview:large, max-video-preview:-1\" \/>\n<link rel=\"canonical\" href=\"https:\/\/boln.eu\/en\/habitat-valencia-2025-fair\/\" \/>\n<meta property=\"og:locale\" content=\"en_GB\" \/>\n<meta property=\"og:type\" content=\"article\" \/>\n<meta property=\"og:title\" content=\"Feria H\u00e1bitat Valencia 2025 - Boln\" \/>\n<meta property=\"og:description\" content=\"Un a\u00f1o m\u00e1s, B\u00f5ln ha estado presente en Feria H\u00e1bitat Valencia, el escaparate internacional de referencia para la industria del dise\u00f1o en Espa\u00f1a. Regresamos cargados de energ\u00eda, conversaciones estimulantes y mucha inspiraci\u00f3n.\" \/>\n<meta property=\"og:url\" content=\"https:\/\/boln.eu\/en\/habitat-valencia-2025-fair\/\" \/>\n<meta property=\"og:site_name\" content=\"Boln\" \/>\n<meta property=\"article:published_time\" content=\"2025-10-03T07:38:28+00:00\" \/>\n<meta property=\"article:modified_time\" content=\"2025-10-15T07:38:49+00:00\" \/>\n<meta property=\"og:image\" content=\"https:\/\/boln.eu\/wp-content\/uploads\/2025\/10\/habitat-feria-valencia-2025-boln.webp\" \/>\n\t<meta property=\"og:image:width\" content=\"1300\" \/>\n\t<meta property=\"og:image:height\" content=\"794\" \/>\n\t<meta property=\"og:image:type\" content=\"image\/webp\" \/>\n<meta name=\"author\" content=\"jose\" \/>\n<meta name=\"twitter:card\" content=\"summary_large_image\" \/>\n<meta name=\"twitter:label1\" content=\"Written by\" \/>\n\t<meta name=\"twitter:data1\" content=\"jose\" \/>\n\t<meta name=\"twitter:label2\" content=\"Estimated reading time\" \/>\n\t<meta name=\"twitter:data2\" content=\"1 minute\" \/>\n<script type=\"application\/ld+json\" class=\"yoast-schema-graph\">{\"@context\":\"https:\\\/\\\/schema.org\",\"@graph\":[{\"@type\":\"Article\",\"@id\":\"https:\\\/\\\/boln.eu\\\/feria-habitat-valencia-2025\\\/#article\",\"isPartOf\":{\"@id\":\"https:\\\/\\\/boln.eu\\\/feria-habitat-valencia-2025\\\/\"},\"author\":{\"name\":\"jose\",\"@id\":\"https:\\\/\\\/boln.eu\\\/#\\\/schema\\\/person\\\/68cbf679b6d9133b4f64bc5e86461f25\"},\"headline\":\"Feria H\u00e1bitat Valencia 2025\",\"datePublished\":\"2025-10-03T07:38:28+00:00\",\"dateModified\":\"2025-10-15T07:38:49+00:00\",\"mainEntityOfPage\":{\"@id\":\"https:\\\/\\\/boln.eu\\\/feria-habitat-valencia-2025\\\/\"},\"wordCount\":125,\"commentCount\":0,\"publisher\":{\"@id\":\"https:\\\/\\\/boln.eu\\\/#organization\"},\"image\":{\"@id\":\"https:\\\/\\\/boln.eu\\\/feria-habitat-valencia-2025\\\/#primaryimage\"},\"thumbnailUrl\":\"https:\\\/\\\/boln.eu\\\/wp-content\\\/uploads\\\/2025\\\/10\\\/habitat-feria-valencia-2025-boln.webp\",\"articleSection\":[\"Eventos\"],\"inLanguage\":\"en-GB\",\"potentialAction\":[{\"@type\":\"CommentAction\",\"name\":\"Comment\",\"target\":[\"https:\\\/\\\/boln.eu\\\/feria-habitat-valencia-2025\\\/#respond\"]}]},{\"@type\":\"WebPage\",\"@id\":\"https:\\\/\\\/boln.eu\\\/feria-habitat-valencia-2025\\\/\",\"url\":\"https:\\\/\\\/boln.eu\\\/feria-habitat-valencia-2025\\\/\",\"name\":\"Feria H\u00e1bitat Valencia 2025 - Boln\",\"isPartOf\":{\"@id\":\"https:\\\/\\\/boln.eu\\\/#website\"},\"primaryImageOfPage\":{\"@id\":\"https:\\\/\\\/boln.eu\\\/feria-habitat-valencia-2025\\\/#primaryimage\"},\"image\":{\"@id\":\"https:\\\/\\\/boln.eu\\\/feria-habitat-valencia-2025\\\/#primaryimage\"},\"thumbnailUrl\":\"https:\\\/\\\/boln.eu\\\/wp-content\\\/uploads\\\/2025\\\/10\\\/habitat-feria-valencia-2025-boln.webp\",\"datePublished\":\"2025-10-03T07:38:28+00:00\",\"dateModified\":\"2025-10-15T07:38:49+00:00\",\"breadcrumb\":{\"@id\":\"https:\\\/\\\/boln.eu\\\/feria-habitat-valencia-2025\\\/#breadcrumb\"},\"inLanguage\":\"en-GB\",\"potentialAction\":[{\"@type\":\"ReadAction\",\"target\":[\"https:\\\/\\\/boln.eu\\\/feria-habitat-valencia-2025\\\/\"]}]},{\"@type\":\"ImageObject\",\"inLanguage\":\"en-GB\",\"@id\":\"https:\\\/\\\/boln.eu\\\/feria-habitat-valencia-2025\\\/#primaryimage\",\"url\":\"https:\\\/\\\/boln.eu\\\/wp-content\\\/uploads\\\/2025\\\/10\\\/habitat-feria-valencia-2025-boln.webp\",\"contentUrl\":\"https:\\\/\\\/boln.eu\\\/wp-content\\\/uploads\\\/2025\\\/10\\\/habitat-feria-valencia-2025-boln.webp\",\"width\":1300,\"height\":794},{\"@type\":\"BreadcrumbList\",\"@id\":\"https:\\\/\\\/boln.eu\\\/feria-habitat-valencia-2025\\\/#breadcrumb\",\"itemListElement\":[{\"@type\":\"ListItem\",\"position\":1,\"name\":\"Portada\",\"item\":\"https:\\\/\\\/boln.eu\\\/\"},{\"@type\":\"ListItem\",\"position\":2,\"name\":\"Feria H\u00e1bitat Valencia 2025\"}]},{\"@type\":\"WebSite\",\"@id\":\"https:\\\/\\\/boln.eu\\\/#website\",\"url\":\"https:\\\/\\\/boln.eu\\\/\",\"name\":\"Boln\",\"description\":\"El futuro es adaptarse de manera flexible.\",\"publisher\":{\"@id\":\"https:\\\/\\\/boln.eu\\\/#organization\"},\"potentialAction\":[{\"@type\":\"SearchAction\",\"target\":{\"@type\":\"EntryPoint\",\"urlTemplate\":\"https:\\\/\\\/boln.eu\\\/?s={search_term_string}\"},\"query-input\":{\"@type\":\"PropertyValueSpecification\",\"valueRequired\":true,\"valueName\":\"search_term_string\"}}],\"inLanguage\":\"en-GB\"},{\"@type\":\"Organization\",\"@id\":\"https:\\\/\\\/boln.eu\\\/#organization\",\"name\":\"Boln\",\"url\":\"https:\\\/\\\/boln.eu\\\/\",\"logo\":{\"@type\":\"ImageObject\",\"inLanguage\":\"en-GB\",\"@id\":\"https:\\\/\\\/boln.eu\\\/#\\\/schema\\\/logo\\\/image\\\/\",\"url\":\"https:\\\/\\\/boln.eu\\\/wp-content\\\/uploads\\\/2024\\\/08\\\/logo-boln.svg\",\"contentUrl\":\"https:\\\/\\\/boln.eu\\\/wp-content\\\/uploads\\\/2024\\\/08\\\/logo-boln.svg\",\"width\":81,\"height\":30,\"caption\":\"Boln\"},\"image\":{\"@id\":\"https:\\\/\\\/boln.eu\\\/#\\\/schema\\\/logo\\\/image\\\/\"}},{\"@type\":\"Person\",\"@id\":\"https:\\\/\\\/boln.eu\\\/#\\\/schema\\\/person\\\/68cbf679b6d9133b4f64bc5e86461f25\",\"name\":\"jose\",\"image\":{\"@type\":\"ImageObject\",\"inLanguage\":\"en-GB\",\"@id\":\"https:\\\/\\\/secure.gravatar.com\\\/avatar\\\/079dce672dc28b2c5ffd3062a1bb1cac04f2262e5df73e534cf4ebb1fea22dd6?s=96&d=mm&r=g\",\"url\":\"https:\\\/\\\/secure.gravatar.com\\\/avatar\\\/079dce672dc28b2c5ffd3062a1bb1cac04f2262e5df73e534cf4ebb1fea22dd6?s=96&d=mm&r=g\",\"contentUrl\":\"https:\\\/\\\/secure.gravatar.com\\\/avatar\\\/079dce672dc28b2c5ffd3062a1bb1cac04f2262e5df73e534cf4ebb1fea22dd6?s=96&d=mm&r=g\",\"caption\":\"jose\"},\"url\":\"https:\\\/\\\/boln.eu\\\/en\\\/author\\\/jose\\\/\"}]}<\/script>\n<!-- \/ Yoast SEO plugin. -->","yoast_head_json":{"title":"Habitat Valencia 2025 Fair - Boln","robots":{"index":"index","follow":"follow","max-snippet":"max-snippet:-1","max-image-preview":"max-image-preview:large","max-video-preview":"max-video-preview:-1"},"canonical":"https:\/\/boln.eu\/en\/habitat-valencia-2025-fair\/","og_locale":"en_GB","og_type":"article","og_title":"Feria H\u00e1bitat Valencia 2025 - Boln","og_description":"Un a\u00f1o m\u00e1s, B\u00f5ln ha estado presente en Feria H\u00e1bitat Valencia, el escaparate internacional de referencia para la industria del dise\u00f1o en Espa\u00f1a. Regresamos cargados de energ\u00eda, conversaciones estimulantes y mucha inspiraci\u00f3n.","og_url":"https:\/\/boln.eu\/en\/habitat-valencia-2025-fair\/","og_site_name":"Boln","article_published_time":"2025-10-03T07:38:28+00:00","article_modified_time":"2025-10-15T07:38:49+00:00","og_image":[{"width":1300,"height":794,"url":"https:\/\/boln.eu\/wp-content\/uploads\/2025\/10\/habitat-feria-valencia-2025-boln.webp","type":"image\/webp"}],"author":"jose","twitter_card":"summary_large_image","twitter_misc":{"Written by":"jose","Estimated reading time":"1 minute"},"schema":{"@context":"https:\/\/schema.org","@graph":[{"@type":"Article","@id":"https:\/\/boln.eu\/feria-habitat-valencia-2025\/#article","isPartOf":{"@id":"https:\/\/boln.eu\/feria-habitat-valencia-2025\/"},"author":{"name":"jose","@id":"https:\/\/boln.eu\/#\/schema\/person\/68cbf679b6d9133b4f64bc5e86461f25"},"headline":"Feria H\u00e1bitat Valencia 2025","datePublished":"2025-10-03T07:38:28+00:00","dateModified":"2025-10-15T07:38:49+00:00","mainEntityOfPage":{"@id":"https:\/\/boln.eu\/feria-habitat-valencia-2025\/"},"wordCount":125,"commentCount":0,"publisher":{"@id":"https:\/\/boln.eu\/#organization"},"image":{"@id":"https:\/\/boln.eu\/feria-habitat-valencia-2025\/#primaryimage"},"thumbnailUrl":"https:\/\/boln.eu\/wp-content\/uploads\/2025\/10\/habitat-feria-valencia-2025-boln.webp","articleSection":["Eventos"],"inLanguage":"en-GB","potentialAction":[{"@type":"CommentAction","name":"Comment","target":["https:\/\/boln.eu\/feria-habitat-valencia-2025\/#respond"]}]},{"@type":"WebPage","@id":"https:\/\/boln.eu\/feria-habitat-valencia-2025\/","url":"https:\/\/boln.eu\/feria-habitat-valencia-2025\/","name":"Habitat Valencia 2025 Fair - Boln","isPartOf":{"@id":"https:\/\/boln.eu\/#website"},"primaryImageOfPage":{"@id":"https:\/\/boln.eu\/feria-habitat-valencia-2025\/#primaryimage"},"image":{"@id":"https:\/\/boln.eu\/feria-habitat-valencia-2025\/#primaryimage"},"thumbnailUrl":"https:\/\/boln.eu\/wp-content\/uploads\/2025\/10\/habitat-feria-valencia-2025-boln.webp","datePublished":"2025-10-03T07:38:28+00:00","dateModified":"2025-10-15T07:38:49+00:00","breadcrumb":{"@id":"https:\/\/boln.eu\/feria-habitat-valencia-2025\/#breadcrumb"},"inLanguage":"en-GB","potentialAction":[{"@type":"ReadAction","target":["https:\/\/boln.eu\/feria-habitat-valencia-2025\/"]}]},{"@type":"ImageObject","inLanguage":"en-GB","@id":"https:\/\/boln.eu\/feria-habitat-valencia-2025\/#primaryimage","url":"https:\/\/boln.eu\/wp-content\/uploads\/2025\/10\/habitat-feria-valencia-2025-boln.webp","contentUrl":"https:\/\/boln.eu\/wp-content\/uploads\/2025\/10\/habitat-feria-valencia-2025-boln.webp","width":1300,"height":794},{"@type":"BreadcrumbList","@id":"https:\/\/boln.eu\/feria-habitat-valencia-2025\/#breadcrumb","itemListElement":[{"@type":"ListItem","position":1,"name":"Portada","item":"https:\/\/boln.eu\/"},{"@type":"ListItem","position":2,"name":"Feria H\u00e1bitat Valencia 2025"}]},{"@type":"WebSite","@id":"https:\/\/boln.eu\/#website","url":"https:\/\/boln.eu\/","name":"Boln","description":"The future is about adapting flexibly.","publisher":{"@id":"https:\/\/boln.eu\/#organization"},"potentialAction":[{"@type":"SearchAction","target":{"@type":"EntryPoint","urlTemplate":"https:\/\/boln.eu\/?s={search_term_string}"},"query-input":{"@type":"PropertyValueSpecification","valueRequired":true,"valueName":"search_term_string"}}],"inLanguage":"en-GB"},{"@type":"Organization","@id":"https:\/\/boln.eu\/#organization","name":"Boln","url":"https:\/\/boln.eu\/","logo":{"@type":"ImageObject","inLanguage":"en-GB","@id":"https:\/\/boln.eu\/#\/schema\/logo\/image\/","url":"https:\/\/boln.eu\/wp-content\/uploads\/2024\/08\/logo-boln.svg","contentUrl":"https:\/\/boln.eu\/wp-content\/uploads\/2024\/08\/logo-boln.svg","width":81,"height":30,"caption":"Boln"},"image":{"@id":"https:\/\/boln.eu\/#\/schema\/logo\/image\/"}},{"@type":"Person","@id":"https:\/\/boln.eu\/#\/schema\/person\/68cbf679b6d9133b4f64bc5e86461f25","name":"jose","image":{"@type":"ImageObject","inLanguage":"en-GB","@id":"https:\/\/secure.gravatar.com\/avatar\/079dce672dc28b2c5ffd3062a1bb1cac04f2262e5df73e534cf4ebb1fea22dd6?s=96&d=mm&r=g","url":"https:\/\/secure.gravatar.com\/avatar\/079dce672dc28b2c5ffd3062a1bb1cac04f2262e5df73e534cf4ebb1fea22dd6?s=96&d=mm&r=g","contentUrl":"https:\/\/secure.gravatar.com\/avatar\/079dce672dc28b2c5ffd3062a1bb1cac04f2262e5df73e534cf4ebb1fea22dd6?s=96&d=mm&r=g","caption":"jose"},"url":"https:\/\/boln.eu\/en\/author\/jose\/"}]}},"_links":{"self":[{"href":"https:\/\/boln.eu\/en\/wp-json\/wp\/v2\/posts\/1765","targetHints":{"allow":["GET"]}}],"collection":[{"href":"https:\/\/boln.eu\/en\/wp-json\/wp\/v2\/posts"}],"about":[{"href":"https:\/\/boln.eu\/en\/wp-json\/wp\/v2\/types\/post"}],"author":[{"embeddable":true,"href":"https:\/\/boln.eu\/en\/wp-json\/wp\/v2\/users\/5"}],"replies":[{"embeddable":true,"href":"https:\/\/boln.eu\/en\/wp-json\/wp\/v2\/comments?post=1765"}],"version-history":[{"count":1,"href":"https:\/\/boln.eu\/en\/wp-json\/wp\/v2\/posts\/1765\/revisions"}],"predecessor-version":[{"id":1768,"href":"https:\/\/boln.eu\/en\/wp-json\/wp\/v2\/posts\/1765\/revisions\/1768"}],"wp:featuredmedia":[{"embeddable":true,"href":"https:\/\/boln.eu\/en\/wp-json\/wp\/v2\/media\/1767"}],"wp:attachment":[{"href":"https:\/\/boln.eu\/en\/wp-json\/wp\/v2\/media?parent=1765"}],"wp:term":[{"taxonomy":"category","embeddable":true,"href":"https:\/\/boln.eu\/en\/wp-json\/wp\/v2\/categories?post=1765"},{"taxonomy":"post_tag","embeddable":true,"href":"https:\/\/boln.eu\/en\/wp-json\/wp\/v2\/tags?post=1765"}],"curies":[{"name":"wp","href":"https:\/\/api.w.org\/{rel}","templated":true}]}}