{"id":1730,"date":"2025-07-14T14:09:00","date_gmt":"2025-07-14T12:09:00","guid":{"rendered":"https:\/\/boln.eu\/?p=1730"},"modified":"2025-12-18T12:38:21","modified_gmt":"2025-12-18T11:38:21","slug":"5-years-of-boln-a-journey-with-purpose","status":"publish","type":"post","link":"https:\/\/boln.eu\/en\/5-anos-de-boln-un-viaje-con-proposito\/","title":{"rendered":"5 years of B\u00f5ln, a purposeful journey"},"content":{"rendered":"<p>We prepared a meeting day where design, sustainability and innovation were the main protagonists. The conversations reminded us that every piece we create must have a purpose beyond its functionality. Discussions on sustainability reinforced our commitment to processes and materials that respect the planet. And the shared reflections on innovation helped us to imagine the future of furniture with a conscious and responsible perspective.<\/p>\n\n\n\n<p>But above all, what made this anniversary special was the energy of all the people who make up the Boln community. Five years have passed, but what is clear to us is that it has only just begun.<\/p>\n\n\n\n<p>Thank you to everyone who has walked this path with us, partners, designers, clients and all the minds and hands behind what we do.<\/p>\n\n\n\n<p>At B\u00f5ln we believe that a better future is possible.<\/p>\n\n\n\n<figure class=\"wp-block-embed is-type-video is-provider-vimeo wp-block-embed-vimeo\"><div class=\"wp-block-embed__wrapper\">\n<div class=\"iframe-wrapper\"><iframe loading=\"lazy\" title=\"Boln-5-Years\" src=\"https:\/\/player.vimeo.com\/video\/1147647397?h=8c02426219&amp;dnt=1&amp;app_id=122963\" width=\"500\" height=\"400\" frameborder=\"0\" allow=\"autoplay; fullscreen; picture-in-picture; clipboard-write; encrypted-media; web-share\" referrerpolicy=\"strict-origin-when-cross-origin\"><\/iframe><\/div>\n<\/div><\/figure>","protected":false},"excerpt":{"rendered":"<p>We celebrated B\u00f5ln's 5th anniversary in the best possible way, surrounded by those who are part of our history. We brought together collaborators, agents and friends of the brand to share a day full of inspiring conversations.<\/p>","protected":false},"author":5,"featured_media":1732,"comment_status":"open","ping_status":"open","sticky":false,"template":"","format":"standard","meta":{"_acf_changed":false,"inline_featured_image":false,"footnotes":""},"categories":[39],"tags":[],"class_list":["post-1730","post","type-post","status-publish","format-standard","has-post-thumbnail","hentry","category-actualidad"],"acf":[],"yoast_head":"<!-- This site is optimized with the Yoast SEO plugin v27.3 - https:\/\/yoast.com\/product\/yoast-seo-wordpress\/ -->\n<title>5 a\u00f1os de B\u00f5ln, un viaje con prop\u00f3sito - Boln<\/title>\n<meta name=\"robots\" content=\"index, follow, max-snippet:-1, max-image-preview:large, max-video-preview:-1\" \/>\n<link rel=\"canonical\" href=\"https:\/\/boln.eu\/en\/5-years-of-boln-a-journey-with-purpose\/\" \/>\n<meta property=\"og:locale\" content=\"en_GB\" \/>\n<meta property=\"og:type\" content=\"article\" \/>\n<meta property=\"og:title\" content=\"5 a\u00f1os de B\u00f5ln, un viaje con prop\u00f3sito - Boln\" \/>\n<meta property=\"og:description\" content=\"Celebramos el 5\u00ba aniversario de B\u00f5ln de la mejor manera posible, rodeados de quienes forman parte de nuestra historia. Reunimos a colaboradores, agentes y amigos de la marca para compartir un d\u00eda lleno de conversaciones inspiradoras.\" \/>\n<meta property=\"og:url\" content=\"https:\/\/boln.eu\/en\/5-years-of-boln-a-journey-with-purpose\/\" \/>\n<meta property=\"og:site_name\" content=\"Boln\" \/>\n<meta property=\"article:published_time\" content=\"2025-07-14T12:09:00+00:00\" \/>\n<meta property=\"article:modified_time\" content=\"2025-12-18T11:38:21+00:00\" \/>\n<meta property=\"og:image\" content=\"https:\/\/boln.eu\/wp-content\/uploads\/2025\/09\/5-aniversary-boln-2025-boln.webp\" \/>\n\t<meta property=\"og:image:width\" content=\"1300\" \/>\n\t<meta property=\"og:image:height\" content=\"794\" \/>\n\t<meta property=\"og:image:type\" content=\"image\/webp\" \/>\n<meta name=\"author\" content=\"jose\" \/>\n<meta name=\"twitter:card\" content=\"summary_large_image\" \/>\n<meta name=\"twitter:label1\" content=\"Written by\" \/>\n\t<meta name=\"twitter:data1\" content=\"jose\" \/>\n\t<meta name=\"twitter:label2\" content=\"Estimated reading time\" \/>\n\t<meta name=\"twitter:data2\" content=\"1 minute\" \/>\n<script type=\"application\/ld+json\" class=\"yoast-schema-graph\">{\"@context\":\"https:\\\/\\\/schema.org\",\"@graph\":[{\"@type\":\"Article\",\"@id\":\"https:\\\/\\\/boln.eu\\\/5-anos-de-boln-un-viaje-con-proposito\\\/#article\",\"isPartOf\":{\"@id\":\"https:\\\/\\\/boln.eu\\\/5-anos-de-boln-un-viaje-con-proposito\\\/\"},\"author\":{\"name\":\"jose\",\"@id\":\"https:\\\/\\\/boln.eu\\\/#\\\/schema\\\/person\\\/68cbf679b6d9133b4f64bc5e86461f25\"},\"headline\":\"5 a\u00f1os de B\u00f5ln, un viaje con prop\u00f3sito\",\"datePublished\":\"2025-07-14T12:09:00+00:00\",\"dateModified\":\"2025-12-18T11:38:21+00:00\",\"mainEntityOfPage\":{\"@id\":\"https:\\\/\\\/boln.eu\\\/5-anos-de-boln-un-viaje-con-proposito\\\/\"},\"wordCount\":183,\"commentCount\":0,\"publisher\":{\"@id\":\"https:\\\/\\\/boln.eu\\\/#organization\"},\"image\":{\"@id\":\"https:\\\/\\\/boln.eu\\\/5-anos-de-boln-un-viaje-con-proposito\\\/#primaryimage\"},\"thumbnailUrl\":\"https:\\\/\\\/boln.eu\\\/wp-content\\\/uploads\\\/2025\\\/09\\\/5-aniversary-boln-2025-boln.webp\",\"articleSection\":[\"Actualidad\"],\"inLanguage\":\"en-GB\",\"potentialAction\":[{\"@type\":\"CommentAction\",\"name\":\"Comment\",\"target\":[\"https:\\\/\\\/boln.eu\\\/5-anos-de-boln-un-viaje-con-proposito\\\/#respond\"]}]},{\"@type\":\"WebPage\",\"@id\":\"https:\\\/\\\/boln.eu\\\/5-anos-de-boln-un-viaje-con-proposito\\\/\",\"url\":\"https:\\\/\\\/boln.eu\\\/5-anos-de-boln-un-viaje-con-proposito\\\/\",\"name\":\"5 a\u00f1os de B\u00f5ln, un viaje con prop\u00f3sito - Boln\",\"isPartOf\":{\"@id\":\"https:\\\/\\\/boln.eu\\\/#website\"},\"primaryImageOfPage\":{\"@id\":\"https:\\\/\\\/boln.eu\\\/5-anos-de-boln-un-viaje-con-proposito\\\/#primaryimage\"},\"image\":{\"@id\":\"https:\\\/\\\/boln.eu\\\/5-anos-de-boln-un-viaje-con-proposito\\\/#primaryimage\"},\"thumbnailUrl\":\"https:\\\/\\\/boln.eu\\\/wp-content\\\/uploads\\\/2025\\\/09\\\/5-aniversary-boln-2025-boln.webp\",\"datePublished\":\"2025-07-14T12:09:00+00:00\",\"dateModified\":\"2025-12-18T11:38:21+00:00\",\"breadcrumb\":{\"@id\":\"https:\\\/\\\/boln.eu\\\/5-anos-de-boln-un-viaje-con-proposito\\\/#breadcrumb\"},\"inLanguage\":\"en-GB\",\"potentialAction\":[{\"@type\":\"ReadAction\",\"target\":[\"https:\\\/\\\/boln.eu\\\/5-anos-de-boln-un-viaje-con-proposito\\\/\"]}]},{\"@type\":\"ImageObject\",\"inLanguage\":\"en-GB\",\"@id\":\"https:\\\/\\\/boln.eu\\\/5-anos-de-boln-un-viaje-con-proposito\\\/#primaryimage\",\"url\":\"https:\\\/\\\/boln.eu\\\/wp-content\\\/uploads\\\/2025\\\/09\\\/5-aniversary-boln-2025-boln.webp\",\"contentUrl\":\"https:\\\/\\\/boln.eu\\\/wp-content\\\/uploads\\\/2025\\\/09\\\/5-aniversary-boln-2025-boln.webp\",\"width\":1300,\"height\":794},{\"@type\":\"BreadcrumbList\",\"@id\":\"https:\\\/\\\/boln.eu\\\/5-anos-de-boln-un-viaje-con-proposito\\\/#breadcrumb\",\"itemListElement\":[{\"@type\":\"ListItem\",\"position\":1,\"name\":\"Portada\",\"item\":\"https:\\\/\\\/boln.eu\\\/\"},{\"@type\":\"ListItem\",\"position\":2,\"name\":\"5 a\u00f1os de B\u00f5ln, un viaje con prop\u00f3sito\"}]},{\"@type\":\"WebSite\",\"@id\":\"https:\\\/\\\/boln.eu\\\/#website\",\"url\":\"https:\\\/\\\/boln.eu\\\/\",\"name\":\"Boln\",\"description\":\"El futuro es adaptarse de manera flexible.\",\"publisher\":{\"@id\":\"https:\\\/\\\/boln.eu\\\/#organization\"},\"potentialAction\":[{\"@type\":\"SearchAction\",\"target\":{\"@type\":\"EntryPoint\",\"urlTemplate\":\"https:\\\/\\\/boln.eu\\\/?s={search_term_string}\"},\"query-input\":{\"@type\":\"PropertyValueSpecification\",\"valueRequired\":true,\"valueName\":\"search_term_string\"}}],\"inLanguage\":\"en-GB\"},{\"@type\":\"Organization\",\"@id\":\"https:\\\/\\\/boln.eu\\\/#organization\",\"name\":\"Boln\",\"url\":\"https:\\\/\\\/boln.eu\\\/\",\"logo\":{\"@type\":\"ImageObject\",\"inLanguage\":\"en-GB\",\"@id\":\"https:\\\/\\\/boln.eu\\\/#\\\/schema\\\/logo\\\/image\\\/\",\"url\":\"https:\\\/\\\/boln.eu\\\/wp-content\\\/uploads\\\/2024\\\/08\\\/logo-boln.svg\",\"contentUrl\":\"https:\\\/\\\/boln.eu\\\/wp-content\\\/uploads\\\/2024\\\/08\\\/logo-boln.svg\",\"width\":81,\"height\":30,\"caption\":\"Boln\"},\"image\":{\"@id\":\"https:\\\/\\\/boln.eu\\\/#\\\/schema\\\/logo\\\/image\\\/\"}},{\"@type\":\"Person\",\"@id\":\"https:\\\/\\\/boln.eu\\\/#\\\/schema\\\/person\\\/68cbf679b6d9133b4f64bc5e86461f25\",\"name\":\"jose\",\"image\":{\"@type\":\"ImageObject\",\"inLanguage\":\"en-GB\",\"@id\":\"https:\\\/\\\/secure.gravatar.com\\\/avatar\\\/079dce672dc28b2c5ffd3062a1bb1cac04f2262e5df73e534cf4ebb1fea22dd6?s=96&d=mm&r=g\",\"url\":\"https:\\\/\\\/secure.gravatar.com\\\/avatar\\\/079dce672dc28b2c5ffd3062a1bb1cac04f2262e5df73e534cf4ebb1fea22dd6?s=96&d=mm&r=g\",\"contentUrl\":\"https:\\\/\\\/secure.gravatar.com\\\/avatar\\\/079dce672dc28b2c5ffd3062a1bb1cac04f2262e5df73e534cf4ebb1fea22dd6?s=96&d=mm&r=g\",\"caption\":\"jose\"},\"url\":\"https:\\\/\\\/boln.eu\\\/en\\\/author\\\/jose\\\/\"}]}<\/script>\n<!-- \/ Yoast SEO plugin. -->","yoast_head_json":{"title":"5 years of B\u00f5ln, a journey with purpose - Boln","robots":{"index":"index","follow":"follow","max-snippet":"max-snippet:-1","max-image-preview":"max-image-preview:large","max-video-preview":"max-video-preview:-1"},"canonical":"https:\/\/boln.eu\/en\/5-years-of-boln-a-journey-with-purpose\/","og_locale":"en_GB","og_type":"article","og_title":"5 a\u00f1os de B\u00f5ln, un viaje con prop\u00f3sito - Boln","og_description":"Celebramos el 5\u00ba aniversario de B\u00f5ln de la mejor manera posible, rodeados de quienes forman parte de nuestra historia. Reunimos a colaboradores, agentes y amigos de la marca para compartir un d\u00eda lleno de conversaciones inspiradoras.","og_url":"https:\/\/boln.eu\/en\/5-years-of-boln-a-journey-with-purpose\/","og_site_name":"Boln","article_published_time":"2025-07-14T12:09:00+00:00","article_modified_time":"2025-12-18T11:38:21+00:00","og_image":[{"width":1300,"height":794,"url":"https:\/\/boln.eu\/wp-content\/uploads\/2025\/09\/5-aniversary-boln-2025-boln.webp","type":"image\/webp"}],"author":"jose","twitter_card":"summary_large_image","twitter_misc":{"Written by":"jose","Estimated reading time":"1 minute"},"schema":{"@context":"https:\/\/schema.org","@graph":[{"@type":"Article","@id":"https:\/\/boln.eu\/5-anos-de-boln-un-viaje-con-proposito\/#article","isPartOf":{"@id":"https:\/\/boln.eu\/5-anos-de-boln-un-viaje-con-proposito\/"},"author":{"name":"jose","@id":"https:\/\/boln.eu\/#\/schema\/person\/68cbf679b6d9133b4f64bc5e86461f25"},"headline":"5 a\u00f1os de B\u00f5ln, un viaje con prop\u00f3sito","datePublished":"2025-07-14T12:09:00+00:00","dateModified":"2025-12-18T11:38:21+00:00","mainEntityOfPage":{"@id":"https:\/\/boln.eu\/5-anos-de-boln-un-viaje-con-proposito\/"},"wordCount":183,"commentCount":0,"publisher":{"@id":"https:\/\/boln.eu\/#organization"},"image":{"@id":"https:\/\/boln.eu\/5-anos-de-boln-un-viaje-con-proposito\/#primaryimage"},"thumbnailUrl":"https:\/\/boln.eu\/wp-content\/uploads\/2025\/09\/5-aniversary-boln-2025-boln.webp","articleSection":["Actualidad"],"inLanguage":"en-GB","potentialAction":[{"@type":"CommentAction","name":"Comment","target":["https:\/\/boln.eu\/5-anos-de-boln-un-viaje-con-proposito\/#respond"]}]},{"@type":"WebPage","@id":"https:\/\/boln.eu\/5-anos-de-boln-un-viaje-con-proposito\/","url":"https:\/\/boln.eu\/5-anos-de-boln-un-viaje-con-proposito\/","name":"5 years of B\u00f5ln, a journey with purpose - Boln","isPartOf":{"@id":"https:\/\/boln.eu\/#website"},"primaryImageOfPage":{"@id":"https:\/\/boln.eu\/5-anos-de-boln-un-viaje-con-proposito\/#primaryimage"},"image":{"@id":"https:\/\/boln.eu\/5-anos-de-boln-un-viaje-con-proposito\/#primaryimage"},"thumbnailUrl":"https:\/\/boln.eu\/wp-content\/uploads\/2025\/09\/5-aniversary-boln-2025-boln.webp","datePublished":"2025-07-14T12:09:00+00:00","dateModified":"2025-12-18T11:38:21+00:00","breadcrumb":{"@id":"https:\/\/boln.eu\/5-anos-de-boln-un-viaje-con-proposito\/#breadcrumb"},"inLanguage":"en-GB","potentialAction":[{"@type":"ReadAction","target":["https:\/\/boln.eu\/5-anos-de-boln-un-viaje-con-proposito\/"]}]},{"@type":"ImageObject","inLanguage":"en-GB","@id":"https:\/\/boln.eu\/5-anos-de-boln-un-viaje-con-proposito\/#primaryimage","url":"https:\/\/boln.eu\/wp-content\/uploads\/2025\/09\/5-aniversary-boln-2025-boln.webp","contentUrl":"https:\/\/boln.eu\/wp-content\/uploads\/2025\/09\/5-aniversary-boln-2025-boln.webp","width":1300,"height":794},{"@type":"BreadcrumbList","@id":"https:\/\/boln.eu\/5-anos-de-boln-un-viaje-con-proposito\/#breadcrumb","itemListElement":[{"@type":"ListItem","position":1,"name":"Portada","item":"https:\/\/boln.eu\/"},{"@type":"ListItem","position":2,"name":"5 a\u00f1os de B\u00f5ln, un viaje con prop\u00f3sito"}]},{"@type":"WebSite","@id":"https:\/\/boln.eu\/#website","url":"https:\/\/boln.eu\/","name":"Boln","description":"The future is about adapting flexibly.","publisher":{"@id":"https:\/\/boln.eu\/#organization"},"potentialAction":[{"@type":"SearchAction","target":{"@type":"EntryPoint","urlTemplate":"https:\/\/boln.eu\/?s={search_term_string}"},"query-input":{"@type":"PropertyValueSpecification","valueRequired":true,"valueName":"search_term_string"}}],"inLanguage":"en-GB"},{"@type":"Organization","@id":"https:\/\/boln.eu\/#organization","name":"Boln","url":"https:\/\/boln.eu\/","logo":{"@type":"ImageObject","inLanguage":"en-GB","@id":"https:\/\/boln.eu\/#\/schema\/logo\/image\/","url":"https:\/\/boln.eu\/wp-content\/uploads\/2024\/08\/logo-boln.svg","contentUrl":"https:\/\/boln.eu\/wp-content\/uploads\/2024\/08\/logo-boln.svg","width":81,"height":30,"caption":"Boln"},"image":{"@id":"https:\/\/boln.eu\/#\/schema\/logo\/image\/"}},{"@type":"Person","@id":"https:\/\/boln.eu\/#\/schema\/person\/68cbf679b6d9133b4f64bc5e86461f25","name":"jose","image":{"@type":"ImageObject","inLanguage":"en-GB","@id":"https:\/\/secure.gravatar.com\/avatar\/079dce672dc28b2c5ffd3062a1bb1cac04f2262e5df73e534cf4ebb1fea22dd6?s=96&d=mm&r=g","url":"https:\/\/secure.gravatar.com\/avatar\/079dce672dc28b2c5ffd3062a1bb1cac04f2262e5df73e534cf4ebb1fea22dd6?s=96&d=mm&r=g","contentUrl":"https:\/\/secure.gravatar.com\/avatar\/079dce672dc28b2c5ffd3062a1bb1cac04f2262e5df73e534cf4ebb1fea22dd6?s=96&d=mm&r=g","caption":"jose"},"url":"https:\/\/boln.eu\/en\/author\/jose\/"}]}},"_links":{"self":[{"href":"https:\/\/boln.eu\/en\/wp-json\/wp\/v2\/posts\/1730","targetHints":{"allow":["GET"]}}],"collection":[{"href":"https:\/\/boln.eu\/en\/wp-json\/wp\/v2\/posts"}],"about":[{"href":"https:\/\/boln.eu\/en\/wp-json\/wp\/v2\/types\/post"}],"author":[{"embeddable":true,"href":"https:\/\/boln.eu\/en\/wp-json\/wp\/v2\/users\/5"}],"replies":[{"embeddable":true,"href":"https:\/\/boln.eu\/en\/wp-json\/wp\/v2\/comments?post=1730"}],"version-history":[{"count":6,"href":"https:\/\/boln.eu\/en\/wp-json\/wp\/v2\/posts\/1730\/revisions"}],"predecessor-version":[{"id":1836,"href":"https:\/\/boln.eu\/en\/wp-json\/wp\/v2\/posts\/1730\/revisions\/1836"}],"wp:featuredmedia":[{"embeddable":true,"href":"https:\/\/boln.eu\/en\/wp-json\/wp\/v2\/media\/1732"}],"wp:attachment":[{"href":"https:\/\/boln.eu\/en\/wp-json\/wp\/v2\/media?parent=1730"}],"wp:term":[{"taxonomy":"category","embeddable":true,"href":"https:\/\/boln.eu\/en\/wp-json\/wp\/v2\/categories?post=1730"},{"taxonomy":"post_tag","embeddable":true,"href":"https:\/\/boln.eu\/en\/wp-json\/wp\/v2\/tags?post=1730"}],"curies":[{"name":"wp","href":"https:\/\/api.w.org\/{rel}","templated":true}]}}