{"id":1668,"date":"2025-03-27T12:06:00","date_gmt":"2025-03-27T11:06:00","guid":{"rendered":"https:\/\/boln.eu\/?p=1668"},"modified":"2025-05-22T12:09:36","modified_gmt":"2025-05-22T10:09:36","slug":"boln-returns-to-workspace-expo-paris-2025","status":"publish","type":"post","link":"https:\/\/boln.eu\/en\/boln-vuelva-a-workspace-expo-paris-2025\/","title":{"rendered":"B\u00f5ln returns to Workspace Expo Paris 2025"},"content":{"rendered":"<p>B\u00f5ln participated in the latest edition of the <em>Workspace Expo<\/em> in Paris, the leading professional event dedicated to the design of working environments.<\/p>\n\n\n\n<p>During the fair, we shared our proposals for the office spaces of the future, talking with professionals from the sector about the importance of creating more flexible, sustainable, innovative and, above all, friendlier and more pleasant environments for people.<\/p>\n\n\n\n<p>We would like to thank everyone who came to our stand to discover our collections, exchange ideas and add new perspectives to the design of work spaces.<\/p>\n\n\n\n<p>Workspace Expo has been an unbeatable opportunity to reinforce our commitment to a design that transforms the daily lives of those who live there, taking care of both well-being and the environment.<\/p>","protected":false},"excerpt":{"rendered":"<p>B\u00f5ln particip\u00f3 en la \u00faltima edici\u00f3n de Workspace Expo en Par\u00eds, el evento profesional de referencia dedicado al dise\u00f1o de entornos de trabajo. Durante la feria, compartimos nuestras propuestas para los espacios de oficina del futuro, dialogando con profesionales del sector sobre la importancia de crear entornos m\u00e1s flexibles, sostenibles, innovadores y, sobre todo, m\u00e1s [&hellip;]<\/p>\n","protected":false},"author":5,"featured_media":1670,"comment_status":"open","ping_status":"open","sticky":false,"template":"","format":"standard","meta":{"_acf_changed":false,"inline_featured_image":false,"footnotes":""},"categories":[15],"tags":[],"class_list":["post-1668","post","type-post","status-publish","format-standard","has-post-thumbnail","hentry","category-eventos"],"acf":[],"yoast_head":"<!-- This site is optimized with the Yoast SEO plugin v27.3 - https:\/\/yoast.com\/product\/yoast-seo-wordpress\/ -->\n<title>B\u00f5ln vuelve a Workspace Expo Par\u00eds 2025 - Boln<\/title>\n<meta name=\"robots\" content=\"index, follow, max-snippet:-1, max-image-preview:large, max-video-preview:-1\" \/>\n<link rel=\"canonical\" href=\"https:\/\/boln.eu\/en\/boln-returns-to-workspace-expo-paris-2025\/\" \/>\n<meta property=\"og:locale\" content=\"en_GB\" \/>\n<meta property=\"og:type\" content=\"article\" \/>\n<meta property=\"og:title\" content=\"B\u00f5ln vuelva a Workspace Expo Par\u00eds 2025\" \/>\n<meta property=\"og:description\" content=\"B\u00f5ln particip\u00f3 en la \u00faltima edici\u00f3n de Workspace Expo en Par\u00eds, el evento profesional de referencia dedicado al dise\u00f1o de entornos de trabajo.\" \/>\n<meta property=\"og:url\" content=\"https:\/\/boln.eu\/en\/boln-returns-to-workspace-expo-paris-2025\/\" \/>\n<meta property=\"og:site_name\" content=\"Boln\" \/>\n<meta property=\"article:published_time\" content=\"2025-03-27T11:06:00+00:00\" \/>\n<meta property=\"article:modified_time\" content=\"2025-05-22T10:09:36+00:00\" \/>\n<meta property=\"og:image\" content=\"https:\/\/boln.eu\/wp-content\/uploads\/2025\/05\/workspace-paris-expo-2025-boln.webp\" \/>\n\t<meta property=\"og:image:width\" content=\"1300\" \/>\n\t<meta property=\"og:image:height\" content=\"794\" \/>\n\t<meta property=\"og:image:type\" content=\"image\/webp\" \/>\n<meta name=\"author\" content=\"jose\" \/>\n<meta name=\"twitter:card\" content=\"summary_large_image\" \/>\n<meta name=\"twitter:label1\" content=\"Written by\" \/>\n\t<meta name=\"twitter:data1\" content=\"jose\" \/>\n\t<meta name=\"twitter:label2\" content=\"Estimated reading time\" \/>\n\t<meta name=\"twitter:data2\" content=\"1 minute\" \/>\n<script type=\"application\/ld+json\" class=\"yoast-schema-graph\">{\"@context\":\"https:\\\/\\\/schema.org\",\"@graph\":[{\"@type\":\"Article\",\"@id\":\"https:\\\/\\\/boln.eu\\\/boln-vuelva-a-workspace-expo-paris-2025\\\/#article\",\"isPartOf\":{\"@id\":\"https:\\\/\\\/boln.eu\\\/boln-vuelva-a-workspace-expo-paris-2025\\\/\"},\"author\":{\"name\":\"jose\",\"@id\":\"https:\\\/\\\/boln.eu\\\/#\\\/schema\\\/person\\\/68cbf679b6d9133b4f64bc5e86461f25\"},\"headline\":\"B\u00f5ln vuelve a Workspace Expo Par\u00eds 2025\",\"datePublished\":\"2025-03-27T11:06:00+00:00\",\"dateModified\":\"2025-05-22T10:09:36+00:00\",\"mainEntityOfPage\":{\"@id\":\"https:\\\/\\\/boln.eu\\\/boln-vuelva-a-workspace-expo-paris-2025\\\/\"},\"wordCount\":137,\"commentCount\":0,\"publisher\":{\"@id\":\"https:\\\/\\\/boln.eu\\\/#organization\"},\"image\":{\"@id\":\"https:\\\/\\\/boln.eu\\\/boln-vuelva-a-workspace-expo-paris-2025\\\/#primaryimage\"},\"thumbnailUrl\":\"https:\\\/\\\/boln.eu\\\/wp-content\\\/uploads\\\/2025\\\/05\\\/workspace-paris-expo-2025-boln.webp\",\"articleSection\":[\"Eventos\"],\"inLanguage\":\"en-GB\",\"potentialAction\":[{\"@type\":\"CommentAction\",\"name\":\"Comment\",\"target\":[\"https:\\\/\\\/boln.eu\\\/boln-vuelva-a-workspace-expo-paris-2025\\\/#respond\"]}]},{\"@type\":\"WebPage\",\"@id\":\"https:\\\/\\\/boln.eu\\\/boln-vuelva-a-workspace-expo-paris-2025\\\/\",\"url\":\"https:\\\/\\\/boln.eu\\\/boln-vuelva-a-workspace-expo-paris-2025\\\/\",\"name\":\"B\u00f5ln vuelve a Workspace Expo Par\u00eds 2025 - Boln\",\"isPartOf\":{\"@id\":\"https:\\\/\\\/boln.eu\\\/#website\"},\"primaryImageOfPage\":{\"@id\":\"https:\\\/\\\/boln.eu\\\/boln-vuelva-a-workspace-expo-paris-2025\\\/#primaryimage\"},\"image\":{\"@id\":\"https:\\\/\\\/boln.eu\\\/boln-vuelva-a-workspace-expo-paris-2025\\\/#primaryimage\"},\"thumbnailUrl\":\"https:\\\/\\\/boln.eu\\\/wp-content\\\/uploads\\\/2025\\\/05\\\/workspace-paris-expo-2025-boln.webp\",\"datePublished\":\"2025-03-27T11:06:00+00:00\",\"dateModified\":\"2025-05-22T10:09:36+00:00\",\"breadcrumb\":{\"@id\":\"https:\\\/\\\/boln.eu\\\/boln-vuelva-a-workspace-expo-paris-2025\\\/#breadcrumb\"},\"inLanguage\":\"en-GB\",\"potentialAction\":[{\"@type\":\"ReadAction\",\"target\":[\"https:\\\/\\\/boln.eu\\\/boln-vuelva-a-workspace-expo-paris-2025\\\/\"]}]},{\"@type\":\"ImageObject\",\"inLanguage\":\"en-GB\",\"@id\":\"https:\\\/\\\/boln.eu\\\/boln-vuelva-a-workspace-expo-paris-2025\\\/#primaryimage\",\"url\":\"https:\\\/\\\/boln.eu\\\/wp-content\\\/uploads\\\/2025\\\/05\\\/workspace-paris-expo-2025-boln.webp\",\"contentUrl\":\"https:\\\/\\\/boln.eu\\\/wp-content\\\/uploads\\\/2025\\\/05\\\/workspace-paris-expo-2025-boln.webp\",\"width\":1300,\"height\":794,\"caption\":\"feria workspace expo paris 2025 con gente sentada en los asientos de boln\"},{\"@type\":\"BreadcrumbList\",\"@id\":\"https:\\\/\\\/boln.eu\\\/boln-vuelva-a-workspace-expo-paris-2025\\\/#breadcrumb\",\"itemListElement\":[{\"@type\":\"ListItem\",\"position\":1,\"name\":\"Portada\",\"item\":\"https:\\\/\\\/boln.eu\\\/\"},{\"@type\":\"ListItem\",\"position\":2,\"name\":\"B\u00f5ln vuelve a Workspace Expo Par\u00eds 2025\"}]},{\"@type\":\"WebSite\",\"@id\":\"https:\\\/\\\/boln.eu\\\/#website\",\"url\":\"https:\\\/\\\/boln.eu\\\/\",\"name\":\"Boln\",\"description\":\"El futuro es adaptarse de manera flexible.\",\"publisher\":{\"@id\":\"https:\\\/\\\/boln.eu\\\/#organization\"},\"potentialAction\":[{\"@type\":\"SearchAction\",\"target\":{\"@type\":\"EntryPoint\",\"urlTemplate\":\"https:\\\/\\\/boln.eu\\\/?s={search_term_string}\"},\"query-input\":{\"@type\":\"PropertyValueSpecification\",\"valueRequired\":true,\"valueName\":\"search_term_string\"}}],\"inLanguage\":\"en-GB\"},{\"@type\":\"Organization\",\"@id\":\"https:\\\/\\\/boln.eu\\\/#organization\",\"name\":\"Boln\",\"url\":\"https:\\\/\\\/boln.eu\\\/\",\"logo\":{\"@type\":\"ImageObject\",\"inLanguage\":\"en-GB\",\"@id\":\"https:\\\/\\\/boln.eu\\\/#\\\/schema\\\/logo\\\/image\\\/\",\"url\":\"https:\\\/\\\/boln.eu\\\/wp-content\\\/uploads\\\/2024\\\/08\\\/logo-boln.svg\",\"contentUrl\":\"https:\\\/\\\/boln.eu\\\/wp-content\\\/uploads\\\/2024\\\/08\\\/logo-boln.svg\",\"width\":81,\"height\":30,\"caption\":\"Boln\"},\"image\":{\"@id\":\"https:\\\/\\\/boln.eu\\\/#\\\/schema\\\/logo\\\/image\\\/\"}},{\"@type\":\"Person\",\"@id\":\"https:\\\/\\\/boln.eu\\\/#\\\/schema\\\/person\\\/68cbf679b6d9133b4f64bc5e86461f25\",\"name\":\"jose\",\"image\":{\"@type\":\"ImageObject\",\"inLanguage\":\"en-GB\",\"@id\":\"https:\\\/\\\/secure.gravatar.com\\\/avatar\\\/079dce672dc28b2c5ffd3062a1bb1cac04f2262e5df73e534cf4ebb1fea22dd6?s=96&d=mm&r=g\",\"url\":\"https:\\\/\\\/secure.gravatar.com\\\/avatar\\\/079dce672dc28b2c5ffd3062a1bb1cac04f2262e5df73e534cf4ebb1fea22dd6?s=96&d=mm&r=g\",\"contentUrl\":\"https:\\\/\\\/secure.gravatar.com\\\/avatar\\\/079dce672dc28b2c5ffd3062a1bb1cac04f2262e5df73e534cf4ebb1fea22dd6?s=96&d=mm&r=g\",\"caption\":\"jose\"},\"url\":\"https:\\\/\\\/boln.eu\\\/en\\\/author\\\/jose\\\/\"}]}<\/script>\n<!-- \/ Yoast SEO plugin. -->","yoast_head_json":{"title":"B\u00f5ln returns to Workspace Expo Paris 2025 - Boln","robots":{"index":"index","follow":"follow","max-snippet":"max-snippet:-1","max-image-preview":"max-image-preview:large","max-video-preview":"max-video-preview:-1"},"canonical":"https:\/\/boln.eu\/en\/boln-returns-to-workspace-expo-paris-2025\/","og_locale":"en_GB","og_type":"article","og_title":"B\u00f5ln vuelva a Workspace Expo Par\u00eds 2025","og_description":"B\u00f5ln particip\u00f3 en la \u00faltima edici\u00f3n de Workspace Expo en Par\u00eds, el evento profesional de referencia dedicado al dise\u00f1o de entornos de trabajo.","og_url":"https:\/\/boln.eu\/en\/boln-returns-to-workspace-expo-paris-2025\/","og_site_name":"Boln","article_published_time":"2025-03-27T11:06:00+00:00","article_modified_time":"2025-05-22T10:09:36+00:00","og_image":[{"width":1300,"height":794,"url":"https:\/\/boln.eu\/wp-content\/uploads\/2025\/05\/workspace-paris-expo-2025-boln.webp","type":"image\/webp"}],"author":"jose","twitter_card":"summary_large_image","twitter_misc":{"Written by":"jose","Estimated reading time":"1 minute"},"schema":{"@context":"https:\/\/schema.org","@graph":[{"@type":"Article","@id":"https:\/\/boln.eu\/boln-vuelva-a-workspace-expo-paris-2025\/#article","isPartOf":{"@id":"https:\/\/boln.eu\/boln-vuelva-a-workspace-expo-paris-2025\/"},"author":{"name":"jose","@id":"https:\/\/boln.eu\/#\/schema\/person\/68cbf679b6d9133b4f64bc5e86461f25"},"headline":"B\u00f5ln vuelve a Workspace Expo Par\u00eds 2025","datePublished":"2025-03-27T11:06:00+00:00","dateModified":"2025-05-22T10:09:36+00:00","mainEntityOfPage":{"@id":"https:\/\/boln.eu\/boln-vuelva-a-workspace-expo-paris-2025\/"},"wordCount":137,"commentCount":0,"publisher":{"@id":"https:\/\/boln.eu\/#organization"},"image":{"@id":"https:\/\/boln.eu\/boln-vuelva-a-workspace-expo-paris-2025\/#primaryimage"},"thumbnailUrl":"https:\/\/boln.eu\/wp-content\/uploads\/2025\/05\/workspace-paris-expo-2025-boln.webp","articleSection":["Eventos"],"inLanguage":"en-GB","potentialAction":[{"@type":"CommentAction","name":"Comment","target":["https:\/\/boln.eu\/boln-vuelva-a-workspace-expo-paris-2025\/#respond"]}]},{"@type":"WebPage","@id":"https:\/\/boln.eu\/boln-vuelva-a-workspace-expo-paris-2025\/","url":"https:\/\/boln.eu\/boln-vuelva-a-workspace-expo-paris-2025\/","name":"B\u00f5ln returns to Workspace Expo Paris 2025 - Boln","isPartOf":{"@id":"https:\/\/boln.eu\/#website"},"primaryImageOfPage":{"@id":"https:\/\/boln.eu\/boln-vuelva-a-workspace-expo-paris-2025\/#primaryimage"},"image":{"@id":"https:\/\/boln.eu\/boln-vuelva-a-workspace-expo-paris-2025\/#primaryimage"},"thumbnailUrl":"https:\/\/boln.eu\/wp-content\/uploads\/2025\/05\/workspace-paris-expo-2025-boln.webp","datePublished":"2025-03-27T11:06:00+00:00","dateModified":"2025-05-22T10:09:36+00:00","breadcrumb":{"@id":"https:\/\/boln.eu\/boln-vuelva-a-workspace-expo-paris-2025\/#breadcrumb"},"inLanguage":"en-GB","potentialAction":[{"@type":"ReadAction","target":["https:\/\/boln.eu\/boln-vuelva-a-workspace-expo-paris-2025\/"]}]},{"@type":"ImageObject","inLanguage":"en-GB","@id":"https:\/\/boln.eu\/boln-vuelva-a-workspace-expo-paris-2025\/#primaryimage","url":"https:\/\/boln.eu\/wp-content\/uploads\/2025\/05\/workspace-paris-expo-2025-boln.webp","contentUrl":"https:\/\/boln.eu\/wp-content\/uploads\/2025\/05\/workspace-paris-expo-2025-boln.webp","width":1300,"height":794,"caption":"feria workspace expo paris 2025 con gente sentada en los asientos de boln"},{"@type":"BreadcrumbList","@id":"https:\/\/boln.eu\/boln-vuelva-a-workspace-expo-paris-2025\/#breadcrumb","itemListElement":[{"@type":"ListItem","position":1,"name":"Portada","item":"https:\/\/boln.eu\/"},{"@type":"ListItem","position":2,"name":"B\u00f5ln vuelve a Workspace Expo Par\u00eds 2025"}]},{"@type":"WebSite","@id":"https:\/\/boln.eu\/#website","url":"https:\/\/boln.eu\/","name":"Boln","description":"The future is about adapting flexibly.","publisher":{"@id":"https:\/\/boln.eu\/#organization"},"potentialAction":[{"@type":"SearchAction","target":{"@type":"EntryPoint","urlTemplate":"https:\/\/boln.eu\/?s={search_term_string}"},"query-input":{"@type":"PropertyValueSpecification","valueRequired":true,"valueName":"search_term_string"}}],"inLanguage":"en-GB"},{"@type":"Organization","@id":"https:\/\/boln.eu\/#organization","name":"Boln","url":"https:\/\/boln.eu\/","logo":{"@type":"ImageObject","inLanguage":"en-GB","@id":"https:\/\/boln.eu\/#\/schema\/logo\/image\/","url":"https:\/\/boln.eu\/wp-content\/uploads\/2024\/08\/logo-boln.svg","contentUrl":"https:\/\/boln.eu\/wp-content\/uploads\/2024\/08\/logo-boln.svg","width":81,"height":30,"caption":"Boln"},"image":{"@id":"https:\/\/boln.eu\/#\/schema\/logo\/image\/"}},{"@type":"Person","@id":"https:\/\/boln.eu\/#\/schema\/person\/68cbf679b6d9133b4f64bc5e86461f25","name":"jose","image":{"@type":"ImageObject","inLanguage":"en-GB","@id":"https:\/\/secure.gravatar.com\/avatar\/079dce672dc28b2c5ffd3062a1bb1cac04f2262e5df73e534cf4ebb1fea22dd6?s=96&d=mm&r=g","url":"https:\/\/secure.gravatar.com\/avatar\/079dce672dc28b2c5ffd3062a1bb1cac04f2262e5df73e534cf4ebb1fea22dd6?s=96&d=mm&r=g","contentUrl":"https:\/\/secure.gravatar.com\/avatar\/079dce672dc28b2c5ffd3062a1bb1cac04f2262e5df73e534cf4ebb1fea22dd6?s=96&d=mm&r=g","caption":"jose"},"url":"https:\/\/boln.eu\/en\/author\/jose\/"}]}},"_links":{"self":[{"href":"https:\/\/boln.eu\/en\/wp-json\/wp\/v2\/posts\/1668","targetHints":{"allow":["GET"]}}],"collection":[{"href":"https:\/\/boln.eu\/en\/wp-json\/wp\/v2\/posts"}],"about":[{"href":"https:\/\/boln.eu\/en\/wp-json\/wp\/v2\/types\/post"}],"author":[{"embeddable":true,"href":"https:\/\/boln.eu\/en\/wp-json\/wp\/v2\/users\/5"}],"replies":[{"embeddable":true,"href":"https:\/\/boln.eu\/en\/wp-json\/wp\/v2\/comments?post=1668"}],"version-history":[{"count":2,"href":"https:\/\/boln.eu\/en\/wp-json\/wp\/v2\/posts\/1668\/revisions"}],"predecessor-version":[{"id":1673,"href":"https:\/\/boln.eu\/en\/wp-json\/wp\/v2\/posts\/1668\/revisions\/1673"}],"wp:featuredmedia":[{"embeddable":true,"href":"https:\/\/boln.eu\/en\/wp-json\/wp\/v2\/media\/1670"}],"wp:attachment":[{"href":"https:\/\/boln.eu\/en\/wp-json\/wp\/v2\/media?parent=1668"}],"wp:term":[{"taxonomy":"category","embeddable":true,"href":"https:\/\/boln.eu\/en\/wp-json\/wp\/v2\/categories?post=1668"},{"taxonomy":"post_tag","embeddable":true,"href":"https:\/\/boln.eu\/en\/wp-json\/wp\/v2\/tags?post=1668"}],"curies":[{"name":"wp","href":"https:\/\/api.w.org\/{rel}","templated":true}]}}