{"id":1664,"date":"2025-03-25T11:57:00","date_gmt":"2025-03-25T10:57:00","guid":{"rendered":"https:\/\/boln.eu\/?p=1664"},"modified":"2025-05-22T12:12:47","modified_gmt":"2025-05-22T10:12:47","slug":"our-ceo-fernando-rivas-at-the-iii-digital-internationalization-forum","status":"publish","type":"post","link":"https:\/\/boln.eu\/en\/nuestro-ceo-fernando-rivas-en-el-iii-digital-internationalization-forum\/","title":{"rendered":"Our CEO Fernando Rivas at the III Digital Internationalization Forum"},"content":{"rendered":"<p>B\u00f5ln was present at the third edition of the <em>Digital Internationalization Forum<\/em>promoted by Arag\u00f3n Exterior and organised with the collaboration of Ibercaja and the Government of Aragon.<\/p>\n\n\n\n<p>Under the slogan \"What digital strategies do Aragonese companies use to cross borders?\", our CEO, Fernando Rivas, shared the experience of B\u00f5ln together with Mar\u00eda Alfonso from PARIS64, Ram\u00f3n Garc\u00eda from Grupo Algatec \/ Carbin Store and Carlos S\u00e1nchez from Lamparas.es. The round table, moderated by Sara Espuelas from Arag\u00f3n Exterior, brought together different perspectives on how digitalisation drives international growth.<\/p>\n\n\n\n<p>It was an excellent opportunity to reflect on the challenges and opportunities offered by the digital environment and to continue exploring new ways to expand horizons with innovative strategies.<\/p>\n\n\n\n<p>This approach reinforces our commitment to design that not only responds to the technical demands of the global environment, but also connects with people, creating proposals that are more humane, sustainable and have a positive impact.<\/p>","protected":false},"excerpt":{"rendered":"<p>Strategies that cross borders<\/p>","protected":false},"author":5,"featured_media":1666,"comment_status":"open","ping_status":"open","sticky":false,"template":"","format":"standard","meta":{"_acf_changed":false,"inline_featured_image":false,"footnotes":""},"categories":[15],"tags":[],"class_list":["post-1664","post","type-post","status-publish","format-standard","has-post-thumbnail","hentry","category-eventos"],"acf":[],"yoast_head":"<!-- This site is optimized with the Yoast SEO plugin v27.3 - https:\/\/yoast.com\/product\/yoast-seo-wordpress\/ -->\n<title>Nuestro CEO Fernando Rivas en el III Digital Internationalization Forum - Boln<\/title>\n<meta name=\"robots\" content=\"index, follow, max-snippet:-1, max-image-preview:large, max-video-preview:-1\" \/>\n<link rel=\"canonical\" href=\"https:\/\/boln.eu\/en\/our-ceo-fernando-rivas-at-the-iii-digital-internationalization-forum\/\" \/>\n<meta property=\"og:locale\" content=\"en_GB\" \/>\n<meta property=\"og:type\" content=\"article\" \/>\n<meta property=\"og:title\" content=\"Nuestro CEO Fernando Rivas en el III Digital Internationalization Forum - Boln\" \/>\n<meta property=\"og:description\" content=\"Estrategias que cruzan fronteras\" \/>\n<meta property=\"og:url\" content=\"https:\/\/boln.eu\/en\/our-ceo-fernando-rivas-at-the-iii-digital-internationalization-forum\/\" \/>\n<meta property=\"og:site_name\" content=\"Boln\" \/>\n<meta property=\"article:published_time\" content=\"2025-03-25T10:57:00+00:00\" \/>\n<meta property=\"article:modified_time\" content=\"2025-05-22T10:12:47+00:00\" \/>\n<meta property=\"og:image\" content=\"https:\/\/boln.eu\/wp-content\/uploads\/2025\/05\/digital-internationalization-forum-fernando-rivas-boln.webp\" \/>\n\t<meta property=\"og:image:width\" content=\"1300\" \/>\n\t<meta property=\"og:image:height\" content=\"794\" \/>\n\t<meta property=\"og:image:type\" content=\"image\/webp\" \/>\n<meta name=\"author\" content=\"jose\" \/>\n<meta name=\"twitter:card\" content=\"summary_large_image\" \/>\n<meta name=\"twitter:label1\" content=\"Written by\" \/>\n\t<meta name=\"twitter:data1\" content=\"jose\" \/>\n\t<meta name=\"twitter:label2\" content=\"Estimated reading time\" \/>\n\t<meta name=\"twitter:data2\" content=\"1 minute\" \/>\n<script type=\"application\/ld+json\" class=\"yoast-schema-graph\">{\"@context\":\"https:\\\/\\\/schema.org\",\"@graph\":[{\"@type\":\"Article\",\"@id\":\"https:\\\/\\\/boln.eu\\\/nuestro-ceo-fernando-rivas-en-el-iii-digital-internationalization-forum\\\/#article\",\"isPartOf\":{\"@id\":\"https:\\\/\\\/boln.eu\\\/nuestro-ceo-fernando-rivas-en-el-iii-digital-internationalization-forum\\\/\"},\"author\":{\"name\":\"jose\",\"@id\":\"https:\\\/\\\/boln.eu\\\/#\\\/schema\\\/person\\\/68cbf679b6d9133b4f64bc5e86461f25\"},\"headline\":\"Nuestro CEO Fernando Rivas en el III Digital Internationalization Forum\",\"datePublished\":\"2025-03-25T10:57:00+00:00\",\"dateModified\":\"2025-05-22T10:12:47+00:00\",\"mainEntityOfPage\":{\"@id\":\"https:\\\/\\\/boln.eu\\\/nuestro-ceo-fernando-rivas-en-el-iii-digital-internationalization-forum\\\/\"},\"wordCount\":179,\"commentCount\":0,\"publisher\":{\"@id\":\"https:\\\/\\\/boln.eu\\\/#organization\"},\"image\":{\"@id\":\"https:\\\/\\\/boln.eu\\\/nuestro-ceo-fernando-rivas-en-el-iii-digital-internationalization-forum\\\/#primaryimage\"},\"thumbnailUrl\":\"https:\\\/\\\/boln.eu\\\/wp-content\\\/uploads\\\/2025\\\/05\\\/digital-internationalization-forum-fernando-rivas-boln.webp\",\"articleSection\":[\"Eventos\"],\"inLanguage\":\"en-GB\",\"potentialAction\":[{\"@type\":\"CommentAction\",\"name\":\"Comment\",\"target\":[\"https:\\\/\\\/boln.eu\\\/nuestro-ceo-fernando-rivas-en-el-iii-digital-internationalization-forum\\\/#respond\"]}]},{\"@type\":\"WebPage\",\"@id\":\"https:\\\/\\\/boln.eu\\\/nuestro-ceo-fernando-rivas-en-el-iii-digital-internationalization-forum\\\/\",\"url\":\"https:\\\/\\\/boln.eu\\\/nuestro-ceo-fernando-rivas-en-el-iii-digital-internationalization-forum\\\/\",\"name\":\"Nuestro CEO Fernando Rivas en el III Digital Internationalization Forum - Boln\",\"isPartOf\":{\"@id\":\"https:\\\/\\\/boln.eu\\\/#website\"},\"primaryImageOfPage\":{\"@id\":\"https:\\\/\\\/boln.eu\\\/nuestro-ceo-fernando-rivas-en-el-iii-digital-internationalization-forum\\\/#primaryimage\"},\"image\":{\"@id\":\"https:\\\/\\\/boln.eu\\\/nuestro-ceo-fernando-rivas-en-el-iii-digital-internationalization-forum\\\/#primaryimage\"},\"thumbnailUrl\":\"https:\\\/\\\/boln.eu\\\/wp-content\\\/uploads\\\/2025\\\/05\\\/digital-internationalization-forum-fernando-rivas-boln.webp\",\"datePublished\":\"2025-03-25T10:57:00+00:00\",\"dateModified\":\"2025-05-22T10:12:47+00:00\",\"breadcrumb\":{\"@id\":\"https:\\\/\\\/boln.eu\\\/nuestro-ceo-fernando-rivas-en-el-iii-digital-internationalization-forum\\\/#breadcrumb\"},\"inLanguage\":\"en-GB\",\"potentialAction\":[{\"@type\":\"ReadAction\",\"target\":[\"https:\\\/\\\/boln.eu\\\/nuestro-ceo-fernando-rivas-en-el-iii-digital-internationalization-forum\\\/\"]}]},{\"@type\":\"ImageObject\",\"inLanguage\":\"en-GB\",\"@id\":\"https:\\\/\\\/boln.eu\\\/nuestro-ceo-fernando-rivas-en-el-iii-digital-internationalization-forum\\\/#primaryimage\",\"url\":\"https:\\\/\\\/boln.eu\\\/wp-content\\\/uploads\\\/2025\\\/05\\\/digital-internationalization-forum-fernando-rivas-boln.webp\",\"contentUrl\":\"https:\\\/\\\/boln.eu\\\/wp-content\\\/uploads\\\/2025\\\/05\\\/digital-internationalization-forum-fernando-rivas-boln.webp\",\"width\":1300,\"height\":794},{\"@type\":\"BreadcrumbList\",\"@id\":\"https:\\\/\\\/boln.eu\\\/nuestro-ceo-fernando-rivas-en-el-iii-digital-internationalization-forum\\\/#breadcrumb\",\"itemListElement\":[{\"@type\":\"ListItem\",\"position\":1,\"name\":\"Portada\",\"item\":\"https:\\\/\\\/boln.eu\\\/\"},{\"@type\":\"ListItem\",\"position\":2,\"name\":\"Nuestro CEO Fernando Rivas en el III Digital Internationalization Forum\"}]},{\"@type\":\"WebSite\",\"@id\":\"https:\\\/\\\/boln.eu\\\/#website\",\"url\":\"https:\\\/\\\/boln.eu\\\/\",\"name\":\"Boln\",\"description\":\"El futuro es adaptarse de manera flexible.\",\"publisher\":{\"@id\":\"https:\\\/\\\/boln.eu\\\/#organization\"},\"potentialAction\":[{\"@type\":\"SearchAction\",\"target\":{\"@type\":\"EntryPoint\",\"urlTemplate\":\"https:\\\/\\\/boln.eu\\\/?s={search_term_string}\"},\"query-input\":{\"@type\":\"PropertyValueSpecification\",\"valueRequired\":true,\"valueName\":\"search_term_string\"}}],\"inLanguage\":\"en-GB\"},{\"@type\":\"Organization\",\"@id\":\"https:\\\/\\\/boln.eu\\\/#organization\",\"name\":\"Boln\",\"url\":\"https:\\\/\\\/boln.eu\\\/\",\"logo\":{\"@type\":\"ImageObject\",\"inLanguage\":\"en-GB\",\"@id\":\"https:\\\/\\\/boln.eu\\\/#\\\/schema\\\/logo\\\/image\\\/\",\"url\":\"https:\\\/\\\/boln.eu\\\/wp-content\\\/uploads\\\/2024\\\/08\\\/logo-boln.svg\",\"contentUrl\":\"https:\\\/\\\/boln.eu\\\/wp-content\\\/uploads\\\/2024\\\/08\\\/logo-boln.svg\",\"width\":81,\"height\":30,\"caption\":\"Boln\"},\"image\":{\"@id\":\"https:\\\/\\\/boln.eu\\\/#\\\/schema\\\/logo\\\/image\\\/\"}},{\"@type\":\"Person\",\"@id\":\"https:\\\/\\\/boln.eu\\\/#\\\/schema\\\/person\\\/68cbf679b6d9133b4f64bc5e86461f25\",\"name\":\"jose\",\"image\":{\"@type\":\"ImageObject\",\"inLanguage\":\"en-GB\",\"@id\":\"https:\\\/\\\/secure.gravatar.com\\\/avatar\\\/079dce672dc28b2c5ffd3062a1bb1cac04f2262e5df73e534cf4ebb1fea22dd6?s=96&d=mm&r=g\",\"url\":\"https:\\\/\\\/secure.gravatar.com\\\/avatar\\\/079dce672dc28b2c5ffd3062a1bb1cac04f2262e5df73e534cf4ebb1fea22dd6?s=96&d=mm&r=g\",\"contentUrl\":\"https:\\\/\\\/secure.gravatar.com\\\/avatar\\\/079dce672dc28b2c5ffd3062a1bb1cac04f2262e5df73e534cf4ebb1fea22dd6?s=96&d=mm&r=g\",\"caption\":\"jose\"},\"url\":\"https:\\\/\\\/boln.eu\\\/en\\\/author\\\/jose\\\/\"}]}<\/script>\n<!-- \/ Yoast SEO plugin. -->","yoast_head_json":{"title":"Our CEO Fernando Rivas at the III Digital Internationalization Forum - Boln","robots":{"index":"index","follow":"follow","max-snippet":"max-snippet:-1","max-image-preview":"max-image-preview:large","max-video-preview":"max-video-preview:-1"},"canonical":"https:\/\/boln.eu\/en\/our-ceo-fernando-rivas-at-the-iii-digital-internationalization-forum\/","og_locale":"en_GB","og_type":"article","og_title":"Nuestro CEO Fernando Rivas en el III Digital Internationalization Forum - Boln","og_description":"Estrategias que cruzan fronteras","og_url":"https:\/\/boln.eu\/en\/our-ceo-fernando-rivas-at-the-iii-digital-internationalization-forum\/","og_site_name":"Boln","article_published_time":"2025-03-25T10:57:00+00:00","article_modified_time":"2025-05-22T10:12:47+00:00","og_image":[{"width":1300,"height":794,"url":"https:\/\/boln.eu\/wp-content\/uploads\/2025\/05\/digital-internationalization-forum-fernando-rivas-boln.webp","type":"image\/webp"}],"author":"jose","twitter_card":"summary_large_image","twitter_misc":{"Written by":"jose","Estimated reading time":"1 minute"},"schema":{"@context":"https:\/\/schema.org","@graph":[{"@type":"Article","@id":"https:\/\/boln.eu\/nuestro-ceo-fernando-rivas-en-el-iii-digital-internationalization-forum\/#article","isPartOf":{"@id":"https:\/\/boln.eu\/nuestro-ceo-fernando-rivas-en-el-iii-digital-internationalization-forum\/"},"author":{"name":"jose","@id":"https:\/\/boln.eu\/#\/schema\/person\/68cbf679b6d9133b4f64bc5e86461f25"},"headline":"Nuestro CEO Fernando Rivas en el III Digital Internationalization Forum","datePublished":"2025-03-25T10:57:00+00:00","dateModified":"2025-05-22T10:12:47+00:00","mainEntityOfPage":{"@id":"https:\/\/boln.eu\/nuestro-ceo-fernando-rivas-en-el-iii-digital-internationalization-forum\/"},"wordCount":179,"commentCount":0,"publisher":{"@id":"https:\/\/boln.eu\/#organization"},"image":{"@id":"https:\/\/boln.eu\/nuestro-ceo-fernando-rivas-en-el-iii-digital-internationalization-forum\/#primaryimage"},"thumbnailUrl":"https:\/\/boln.eu\/wp-content\/uploads\/2025\/05\/digital-internationalization-forum-fernando-rivas-boln.webp","articleSection":["Eventos"],"inLanguage":"en-GB","potentialAction":[{"@type":"CommentAction","name":"Comment","target":["https:\/\/boln.eu\/nuestro-ceo-fernando-rivas-en-el-iii-digital-internationalization-forum\/#respond"]}]},{"@type":"WebPage","@id":"https:\/\/boln.eu\/nuestro-ceo-fernando-rivas-en-el-iii-digital-internationalization-forum\/","url":"https:\/\/boln.eu\/nuestro-ceo-fernando-rivas-en-el-iii-digital-internationalization-forum\/","name":"Our CEO Fernando Rivas at the III Digital Internationalization Forum - Boln","isPartOf":{"@id":"https:\/\/boln.eu\/#website"},"primaryImageOfPage":{"@id":"https:\/\/boln.eu\/nuestro-ceo-fernando-rivas-en-el-iii-digital-internationalization-forum\/#primaryimage"},"image":{"@id":"https:\/\/boln.eu\/nuestro-ceo-fernando-rivas-en-el-iii-digital-internationalization-forum\/#primaryimage"},"thumbnailUrl":"https:\/\/boln.eu\/wp-content\/uploads\/2025\/05\/digital-internationalization-forum-fernando-rivas-boln.webp","datePublished":"2025-03-25T10:57:00+00:00","dateModified":"2025-05-22T10:12:47+00:00","breadcrumb":{"@id":"https:\/\/boln.eu\/nuestro-ceo-fernando-rivas-en-el-iii-digital-internationalization-forum\/#breadcrumb"},"inLanguage":"en-GB","potentialAction":[{"@type":"ReadAction","target":["https:\/\/boln.eu\/nuestro-ceo-fernando-rivas-en-el-iii-digital-internationalization-forum\/"]}]},{"@type":"ImageObject","inLanguage":"en-GB","@id":"https:\/\/boln.eu\/nuestro-ceo-fernando-rivas-en-el-iii-digital-internationalization-forum\/#primaryimage","url":"https:\/\/boln.eu\/wp-content\/uploads\/2025\/05\/digital-internationalization-forum-fernando-rivas-boln.webp","contentUrl":"https:\/\/boln.eu\/wp-content\/uploads\/2025\/05\/digital-internationalization-forum-fernando-rivas-boln.webp","width":1300,"height":794},{"@type":"BreadcrumbList","@id":"https:\/\/boln.eu\/nuestro-ceo-fernando-rivas-en-el-iii-digital-internationalization-forum\/#breadcrumb","itemListElement":[{"@type":"ListItem","position":1,"name":"Portada","item":"https:\/\/boln.eu\/"},{"@type":"ListItem","position":2,"name":"Nuestro CEO Fernando Rivas en el III Digital Internationalization Forum"}]},{"@type":"WebSite","@id":"https:\/\/boln.eu\/#website","url":"https:\/\/boln.eu\/","name":"Boln","description":"The future is about adapting flexibly.","publisher":{"@id":"https:\/\/boln.eu\/#organization"},"potentialAction":[{"@type":"SearchAction","target":{"@type":"EntryPoint","urlTemplate":"https:\/\/boln.eu\/?s={search_term_string}"},"query-input":{"@type":"PropertyValueSpecification","valueRequired":true,"valueName":"search_term_string"}}],"inLanguage":"en-GB"},{"@type":"Organization","@id":"https:\/\/boln.eu\/#organization","name":"Boln","url":"https:\/\/boln.eu\/","logo":{"@type":"ImageObject","inLanguage":"en-GB","@id":"https:\/\/boln.eu\/#\/schema\/logo\/image\/","url":"https:\/\/boln.eu\/wp-content\/uploads\/2024\/08\/logo-boln.svg","contentUrl":"https:\/\/boln.eu\/wp-content\/uploads\/2024\/08\/logo-boln.svg","width":81,"height":30,"caption":"Boln"},"image":{"@id":"https:\/\/boln.eu\/#\/schema\/logo\/image\/"}},{"@type":"Person","@id":"https:\/\/boln.eu\/#\/schema\/person\/68cbf679b6d9133b4f64bc5e86461f25","name":"jose","image":{"@type":"ImageObject","inLanguage":"en-GB","@id":"https:\/\/secure.gravatar.com\/avatar\/079dce672dc28b2c5ffd3062a1bb1cac04f2262e5df73e534cf4ebb1fea22dd6?s=96&d=mm&r=g","url":"https:\/\/secure.gravatar.com\/avatar\/079dce672dc28b2c5ffd3062a1bb1cac04f2262e5df73e534cf4ebb1fea22dd6?s=96&d=mm&r=g","contentUrl":"https:\/\/secure.gravatar.com\/avatar\/079dce672dc28b2c5ffd3062a1bb1cac04f2262e5df73e534cf4ebb1fea22dd6?s=96&d=mm&r=g","caption":"jose"},"url":"https:\/\/boln.eu\/en\/author\/jose\/"}]}},"_links":{"self":[{"href":"https:\/\/boln.eu\/en\/wp-json\/wp\/v2\/posts\/1664","targetHints":{"allow":["GET"]}}],"collection":[{"href":"https:\/\/boln.eu\/en\/wp-json\/wp\/v2\/posts"}],"about":[{"href":"https:\/\/boln.eu\/en\/wp-json\/wp\/v2\/types\/post"}],"author":[{"embeddable":true,"href":"https:\/\/boln.eu\/en\/wp-json\/wp\/v2\/users\/5"}],"replies":[{"embeddable":true,"href":"https:\/\/boln.eu\/en\/wp-json\/wp\/v2\/comments?post=1664"}],"version-history":[{"count":2,"href":"https:\/\/boln.eu\/en\/wp-json\/wp\/v2\/posts\/1664\/revisions"}],"predecessor-version":[{"id":1674,"href":"https:\/\/boln.eu\/en\/wp-json\/wp\/v2\/posts\/1664\/revisions\/1674"}],"wp:featuredmedia":[{"embeddable":true,"href":"https:\/\/boln.eu\/en\/wp-json\/wp\/v2\/media\/1666"}],"wp:attachment":[{"href":"https:\/\/boln.eu\/en\/wp-json\/wp\/v2\/media?parent=1664"}],"wp:term":[{"taxonomy":"category","embeddable":true,"href":"https:\/\/boln.eu\/en\/wp-json\/wp\/v2\/categories?post=1664"},{"taxonomy":"post_tag","embeddable":true,"href":"https:\/\/boln.eu\/en\/wp-json\/wp\/v2\/tags?post=1664"}],"curies":[{"name":"wp","href":"https:\/\/api.w.org\/{rel}","templated":true}]}}