{"id":1660,"date":"2025-04-11T11:32:00","date_gmt":"2025-04-11T09:32:00","guid":{"rendered":"https:\/\/boln.eu\/?p=1660"},"modified":"2025-05-22T12:13:52","modified_gmt":"2025-05-22T10:13:52","slug":"how-we-participated-in-pte-world-2025","status":"publish","type":"post","link":"https:\/\/boln.eu\/en\/asi-fue-nuestra-participacion-en-pte-world-2025\/","title":{"rendered":"How we participated in PTE World 2025"},"content":{"rendered":"<p>B\u00f5ln participated in the latest edition of Passenger Terminal Expo &amp; Conference at IFEMA Madrid, the most important international meeting dedicated to the design and management of airport and high traffic infrastructures.<\/p>\n\n\n\n<p>During the event, we shared our vision for the future of contract furniture, presenting solutions that combine sustainability, innovation and functionality. All our pieces are developed with Flexyskin\u00ae, our proprietary plant-based polyurethane foam technology that converts natural waste into high-performance materials.<\/p>\n\n\n\n<p>This approach allows us to create equipment that not only meets the technical requirements of the public environment, but also generates more pleasant, emotional and long-lasting sensory experiences.<\/p>\n\n\n\n<p>PTE World has been an excellent opportunity to connect with professionals in the sector and reaffirm our commitment to designing spaces that care for people and the planet.<\/p>","protected":false},"excerpt":{"rendered":"<p>Design that transforms<\/p>","protected":false},"author":5,"featured_media":1662,"comment_status":"open","ping_status":"open","sticky":false,"template":"","format":"standard","meta":{"_acf_changed":false,"inline_featured_image":false,"footnotes":""},"categories":[15],"tags":[],"class_list":["post-1660","post","type-post","status-publish","format-standard","has-post-thumbnail","hentry","category-eventos"],"acf":[],"yoast_head":"<!-- This site is optimized with the Yoast SEO plugin v27.3 - https:\/\/yoast.com\/product\/yoast-seo-wordpress\/ -->\n<title>As\u00ed fue nuestra participaci\u00f3n en PTE World 2025 - Boln<\/title>\n<meta name=\"robots\" content=\"index, follow, max-snippet:-1, max-image-preview:large, max-video-preview:-1\" \/>\n<link rel=\"canonical\" href=\"https:\/\/boln.eu\/en\/how-we-participated-in-pte-world-2025\/\" \/>\n<meta property=\"og:locale\" content=\"en_GB\" \/>\n<meta property=\"og:type\" content=\"article\" \/>\n<meta property=\"og:title\" content=\"As\u00ed fue nuestra participaci\u00f3n en PTE World 2025\" \/>\n<meta property=\"og:description\" content=\"Boln particip\u00f3 en la \u00faltima edici\u00f3n de Passenger Terminal Expo &amp; Conference en IFEMA Madrid, el encuentro internacional m\u00e1s importante dedicado al dise\u00f1o y la gesti\u00f3n de infraestructuras aeroportuarias y de alto tr\u00e1nsito.\" \/>\n<meta property=\"og:url\" content=\"https:\/\/boln.eu\/en\/how-we-participated-in-pte-world-2025\/\" \/>\n<meta property=\"og:site_name\" content=\"Boln\" \/>\n<meta property=\"article:published_time\" content=\"2025-04-11T09:32:00+00:00\" \/>\n<meta property=\"article:modified_time\" content=\"2025-05-22T10:13:52+00:00\" \/>\n<meta property=\"og:image\" content=\"https:\/\/boln.eu\/wp-content\/uploads\/2025\/05\/passenger-terminal-expo-2025-boln.webp\" \/>\n\t<meta property=\"og:image:width\" content=\"1300\" \/>\n\t<meta property=\"og:image:height\" content=\"794\" \/>\n\t<meta property=\"og:image:type\" content=\"image\/webp\" \/>\n<meta name=\"author\" content=\"jose\" \/>\n<meta name=\"twitter:card\" content=\"summary_large_image\" \/>\n<meta name=\"twitter:label1\" content=\"Written by\" \/>\n\t<meta name=\"twitter:data1\" content=\"jose\" \/>\n\t<meta name=\"twitter:label2\" content=\"Estimated reading time\" \/>\n\t<meta name=\"twitter:data2\" content=\"1 minute\" \/>\n<script type=\"application\/ld+json\" class=\"yoast-schema-graph\">{\"@context\":\"https:\\\/\\\/schema.org\",\"@graph\":[{\"@type\":\"Article\",\"@id\":\"https:\\\/\\\/boln.eu\\\/asi-fue-nuestra-participacion-en-pte-world-2025\\\/#article\",\"isPartOf\":{\"@id\":\"https:\\\/\\\/boln.eu\\\/asi-fue-nuestra-participacion-en-pte-world-2025\\\/\"},\"author\":{\"name\":\"jose\",\"@id\":\"https:\\\/\\\/boln.eu\\\/#\\\/schema\\\/person\\\/68cbf679b6d9133b4f64bc5e86461f25\"},\"headline\":\"As\u00ed fue nuestra participaci\u00f3n en PTE World 2025\",\"datePublished\":\"2025-04-11T09:32:00+00:00\",\"dateModified\":\"2025-05-22T10:13:52+00:00\",\"mainEntityOfPage\":{\"@id\":\"https:\\\/\\\/boln.eu\\\/asi-fue-nuestra-participacion-en-pte-world-2025\\\/\"},\"wordCount\":157,\"commentCount\":0,\"publisher\":{\"@id\":\"https:\\\/\\\/boln.eu\\\/#organization\"},\"image\":{\"@id\":\"https:\\\/\\\/boln.eu\\\/asi-fue-nuestra-participacion-en-pte-world-2025\\\/#primaryimage\"},\"thumbnailUrl\":\"https:\\\/\\\/boln.eu\\\/wp-content\\\/uploads\\\/2025\\\/05\\\/passenger-terminal-expo-2025-boln.webp\",\"articleSection\":[\"Eventos\"],\"inLanguage\":\"en-GB\",\"potentialAction\":[{\"@type\":\"CommentAction\",\"name\":\"Comment\",\"target\":[\"https:\\\/\\\/boln.eu\\\/asi-fue-nuestra-participacion-en-pte-world-2025\\\/#respond\"]}]},{\"@type\":\"WebPage\",\"@id\":\"https:\\\/\\\/boln.eu\\\/asi-fue-nuestra-participacion-en-pte-world-2025\\\/\",\"url\":\"https:\\\/\\\/boln.eu\\\/asi-fue-nuestra-participacion-en-pte-world-2025\\\/\",\"name\":\"As\u00ed fue nuestra participaci\u00f3n en PTE World 2025 - Boln\",\"isPartOf\":{\"@id\":\"https:\\\/\\\/boln.eu\\\/#website\"},\"primaryImageOfPage\":{\"@id\":\"https:\\\/\\\/boln.eu\\\/asi-fue-nuestra-participacion-en-pte-world-2025\\\/#primaryimage\"},\"image\":{\"@id\":\"https:\\\/\\\/boln.eu\\\/asi-fue-nuestra-participacion-en-pte-world-2025\\\/#primaryimage\"},\"thumbnailUrl\":\"https:\\\/\\\/boln.eu\\\/wp-content\\\/uploads\\\/2025\\\/05\\\/passenger-terminal-expo-2025-boln.webp\",\"datePublished\":\"2025-04-11T09:32:00+00:00\",\"dateModified\":\"2025-05-22T10:13:52+00:00\",\"breadcrumb\":{\"@id\":\"https:\\\/\\\/boln.eu\\\/asi-fue-nuestra-participacion-en-pte-world-2025\\\/#breadcrumb\"},\"inLanguage\":\"en-GB\",\"potentialAction\":[{\"@type\":\"ReadAction\",\"target\":[\"https:\\\/\\\/boln.eu\\\/asi-fue-nuestra-participacion-en-pte-world-2025\\\/\"]}]},{\"@type\":\"ImageObject\",\"inLanguage\":\"en-GB\",\"@id\":\"https:\\\/\\\/boln.eu\\\/asi-fue-nuestra-participacion-en-pte-world-2025\\\/#primaryimage\",\"url\":\"https:\\\/\\\/boln.eu\\\/wp-content\\\/uploads\\\/2025\\\/05\\\/passenger-terminal-expo-2025-boln.webp\",\"contentUrl\":\"https:\\\/\\\/boln.eu\\\/wp-content\\\/uploads\\\/2025\\\/05\\\/passenger-terminal-expo-2025-boln.webp\",\"width\":1300,\"height\":794},{\"@type\":\"BreadcrumbList\",\"@id\":\"https:\\\/\\\/boln.eu\\\/asi-fue-nuestra-participacion-en-pte-world-2025\\\/#breadcrumb\",\"itemListElement\":[{\"@type\":\"ListItem\",\"position\":1,\"name\":\"Portada\",\"item\":\"https:\\\/\\\/boln.eu\\\/\"},{\"@type\":\"ListItem\",\"position\":2,\"name\":\"As\u00ed fue nuestra participaci\u00f3n en PTE World 2025\"}]},{\"@type\":\"WebSite\",\"@id\":\"https:\\\/\\\/boln.eu\\\/#website\",\"url\":\"https:\\\/\\\/boln.eu\\\/\",\"name\":\"Boln\",\"description\":\"El futuro es adaptarse de manera flexible.\",\"publisher\":{\"@id\":\"https:\\\/\\\/boln.eu\\\/#organization\"},\"potentialAction\":[{\"@type\":\"SearchAction\",\"target\":{\"@type\":\"EntryPoint\",\"urlTemplate\":\"https:\\\/\\\/boln.eu\\\/?s={search_term_string}\"},\"query-input\":{\"@type\":\"PropertyValueSpecification\",\"valueRequired\":true,\"valueName\":\"search_term_string\"}}],\"inLanguage\":\"en-GB\"},{\"@type\":\"Organization\",\"@id\":\"https:\\\/\\\/boln.eu\\\/#organization\",\"name\":\"Boln\",\"url\":\"https:\\\/\\\/boln.eu\\\/\",\"logo\":{\"@type\":\"ImageObject\",\"inLanguage\":\"en-GB\",\"@id\":\"https:\\\/\\\/boln.eu\\\/#\\\/schema\\\/logo\\\/image\\\/\",\"url\":\"https:\\\/\\\/boln.eu\\\/wp-content\\\/uploads\\\/2024\\\/08\\\/logo-boln.svg\",\"contentUrl\":\"https:\\\/\\\/boln.eu\\\/wp-content\\\/uploads\\\/2024\\\/08\\\/logo-boln.svg\",\"width\":81,\"height\":30,\"caption\":\"Boln\"},\"image\":{\"@id\":\"https:\\\/\\\/boln.eu\\\/#\\\/schema\\\/logo\\\/image\\\/\"}},{\"@type\":\"Person\",\"@id\":\"https:\\\/\\\/boln.eu\\\/#\\\/schema\\\/person\\\/68cbf679b6d9133b4f64bc5e86461f25\",\"name\":\"jose\",\"image\":{\"@type\":\"ImageObject\",\"inLanguage\":\"en-GB\",\"@id\":\"https:\\\/\\\/secure.gravatar.com\\\/avatar\\\/079dce672dc28b2c5ffd3062a1bb1cac04f2262e5df73e534cf4ebb1fea22dd6?s=96&d=mm&r=g\",\"url\":\"https:\\\/\\\/secure.gravatar.com\\\/avatar\\\/079dce672dc28b2c5ffd3062a1bb1cac04f2262e5df73e534cf4ebb1fea22dd6?s=96&d=mm&r=g\",\"contentUrl\":\"https:\\\/\\\/secure.gravatar.com\\\/avatar\\\/079dce672dc28b2c5ffd3062a1bb1cac04f2262e5df73e534cf4ebb1fea22dd6?s=96&d=mm&r=g\",\"caption\":\"jose\"},\"url\":\"https:\\\/\\\/boln.eu\\\/en\\\/author\\\/jose\\\/\"}]}<\/script>\n<!-- \/ Yoast SEO plugin. -->","yoast_head_json":{"title":"How we participated in PTE World 2025 - Boln","robots":{"index":"index","follow":"follow","max-snippet":"max-snippet:-1","max-image-preview":"max-image-preview:large","max-video-preview":"max-video-preview:-1"},"canonical":"https:\/\/boln.eu\/en\/how-we-participated-in-pte-world-2025\/","og_locale":"en_GB","og_type":"article","og_title":"As\u00ed fue nuestra participaci\u00f3n en PTE World 2025","og_description":"Boln particip\u00f3 en la \u00faltima edici\u00f3n de Passenger Terminal Expo & Conference en IFEMA Madrid, el encuentro internacional m\u00e1s importante dedicado al dise\u00f1o y la gesti\u00f3n de infraestructuras aeroportuarias y de alto tr\u00e1nsito.","og_url":"https:\/\/boln.eu\/en\/how-we-participated-in-pte-world-2025\/","og_site_name":"Boln","article_published_time":"2025-04-11T09:32:00+00:00","article_modified_time":"2025-05-22T10:13:52+00:00","og_image":[{"width":1300,"height":794,"url":"https:\/\/boln.eu\/wp-content\/uploads\/2025\/05\/passenger-terminal-expo-2025-boln.webp","type":"image\/webp"}],"author":"jose","twitter_card":"summary_large_image","twitter_misc":{"Written by":"jose","Estimated reading time":"1 minute"},"schema":{"@context":"https:\/\/schema.org","@graph":[{"@type":"Article","@id":"https:\/\/boln.eu\/asi-fue-nuestra-participacion-en-pte-world-2025\/#article","isPartOf":{"@id":"https:\/\/boln.eu\/asi-fue-nuestra-participacion-en-pte-world-2025\/"},"author":{"name":"jose","@id":"https:\/\/boln.eu\/#\/schema\/person\/68cbf679b6d9133b4f64bc5e86461f25"},"headline":"As\u00ed fue nuestra participaci\u00f3n en PTE World 2025","datePublished":"2025-04-11T09:32:00+00:00","dateModified":"2025-05-22T10:13:52+00:00","mainEntityOfPage":{"@id":"https:\/\/boln.eu\/asi-fue-nuestra-participacion-en-pte-world-2025\/"},"wordCount":157,"commentCount":0,"publisher":{"@id":"https:\/\/boln.eu\/#organization"},"image":{"@id":"https:\/\/boln.eu\/asi-fue-nuestra-participacion-en-pte-world-2025\/#primaryimage"},"thumbnailUrl":"https:\/\/boln.eu\/wp-content\/uploads\/2025\/05\/passenger-terminal-expo-2025-boln.webp","articleSection":["Eventos"],"inLanguage":"en-GB","potentialAction":[{"@type":"CommentAction","name":"Comment","target":["https:\/\/boln.eu\/asi-fue-nuestra-participacion-en-pte-world-2025\/#respond"]}]},{"@type":"WebPage","@id":"https:\/\/boln.eu\/asi-fue-nuestra-participacion-en-pte-world-2025\/","url":"https:\/\/boln.eu\/asi-fue-nuestra-participacion-en-pte-world-2025\/","name":"How we participated in PTE World 2025 - Boln","isPartOf":{"@id":"https:\/\/boln.eu\/#website"},"primaryImageOfPage":{"@id":"https:\/\/boln.eu\/asi-fue-nuestra-participacion-en-pte-world-2025\/#primaryimage"},"image":{"@id":"https:\/\/boln.eu\/asi-fue-nuestra-participacion-en-pte-world-2025\/#primaryimage"},"thumbnailUrl":"https:\/\/boln.eu\/wp-content\/uploads\/2025\/05\/passenger-terminal-expo-2025-boln.webp","datePublished":"2025-04-11T09:32:00+00:00","dateModified":"2025-05-22T10:13:52+00:00","breadcrumb":{"@id":"https:\/\/boln.eu\/asi-fue-nuestra-participacion-en-pte-world-2025\/#breadcrumb"},"inLanguage":"en-GB","potentialAction":[{"@type":"ReadAction","target":["https:\/\/boln.eu\/asi-fue-nuestra-participacion-en-pte-world-2025\/"]}]},{"@type":"ImageObject","inLanguage":"en-GB","@id":"https:\/\/boln.eu\/asi-fue-nuestra-participacion-en-pte-world-2025\/#primaryimage","url":"https:\/\/boln.eu\/wp-content\/uploads\/2025\/05\/passenger-terminal-expo-2025-boln.webp","contentUrl":"https:\/\/boln.eu\/wp-content\/uploads\/2025\/05\/passenger-terminal-expo-2025-boln.webp","width":1300,"height":794},{"@type":"BreadcrumbList","@id":"https:\/\/boln.eu\/asi-fue-nuestra-participacion-en-pte-world-2025\/#breadcrumb","itemListElement":[{"@type":"ListItem","position":1,"name":"Portada","item":"https:\/\/boln.eu\/"},{"@type":"ListItem","position":2,"name":"As\u00ed fue nuestra participaci\u00f3n en PTE World 2025"}]},{"@type":"WebSite","@id":"https:\/\/boln.eu\/#website","url":"https:\/\/boln.eu\/","name":"Boln","description":"The future is about adapting flexibly.","publisher":{"@id":"https:\/\/boln.eu\/#organization"},"potentialAction":[{"@type":"SearchAction","target":{"@type":"EntryPoint","urlTemplate":"https:\/\/boln.eu\/?s={search_term_string}"},"query-input":{"@type":"PropertyValueSpecification","valueRequired":true,"valueName":"search_term_string"}}],"inLanguage":"en-GB"},{"@type":"Organization","@id":"https:\/\/boln.eu\/#organization","name":"Boln","url":"https:\/\/boln.eu\/","logo":{"@type":"ImageObject","inLanguage":"en-GB","@id":"https:\/\/boln.eu\/#\/schema\/logo\/image\/","url":"https:\/\/boln.eu\/wp-content\/uploads\/2024\/08\/logo-boln.svg","contentUrl":"https:\/\/boln.eu\/wp-content\/uploads\/2024\/08\/logo-boln.svg","width":81,"height":30,"caption":"Boln"},"image":{"@id":"https:\/\/boln.eu\/#\/schema\/logo\/image\/"}},{"@type":"Person","@id":"https:\/\/boln.eu\/#\/schema\/person\/68cbf679b6d9133b4f64bc5e86461f25","name":"jose","image":{"@type":"ImageObject","inLanguage":"en-GB","@id":"https:\/\/secure.gravatar.com\/avatar\/079dce672dc28b2c5ffd3062a1bb1cac04f2262e5df73e534cf4ebb1fea22dd6?s=96&d=mm&r=g","url":"https:\/\/secure.gravatar.com\/avatar\/079dce672dc28b2c5ffd3062a1bb1cac04f2262e5df73e534cf4ebb1fea22dd6?s=96&d=mm&r=g","contentUrl":"https:\/\/secure.gravatar.com\/avatar\/079dce672dc28b2c5ffd3062a1bb1cac04f2262e5df73e534cf4ebb1fea22dd6?s=96&d=mm&r=g","caption":"jose"},"url":"https:\/\/boln.eu\/en\/author\/jose\/"}]}},"_links":{"self":[{"href":"https:\/\/boln.eu\/en\/wp-json\/wp\/v2\/posts\/1660","targetHints":{"allow":["GET"]}}],"collection":[{"href":"https:\/\/boln.eu\/en\/wp-json\/wp\/v2\/posts"}],"about":[{"href":"https:\/\/boln.eu\/en\/wp-json\/wp\/v2\/types\/post"}],"author":[{"embeddable":true,"href":"https:\/\/boln.eu\/en\/wp-json\/wp\/v2\/users\/5"}],"replies":[{"embeddable":true,"href":"https:\/\/boln.eu\/en\/wp-json\/wp\/v2\/comments?post=1660"}],"version-history":[{"count":2,"href":"https:\/\/boln.eu\/en\/wp-json\/wp\/v2\/posts\/1660\/revisions"}],"predecessor-version":[{"id":1675,"href":"https:\/\/boln.eu\/en\/wp-json\/wp\/v2\/posts\/1660\/revisions\/1675"}],"wp:featuredmedia":[{"embeddable":true,"href":"https:\/\/boln.eu\/en\/wp-json\/wp\/v2\/media\/1662"}],"wp:attachment":[{"href":"https:\/\/boln.eu\/en\/wp-json\/wp\/v2\/media?parent=1660"}],"wp:term":[{"taxonomy":"category","embeddable":true,"href":"https:\/\/boln.eu\/en\/wp-json\/wp\/v2\/categories?post=1660"},{"taxonomy":"post_tag","embeddable":true,"href":"https:\/\/boln.eu\/en\/wp-json\/wp\/v2\/tags?post=1660"}],"curies":[{"name":"wp","href":"https:\/\/api.w.org\/{rel}","templated":true}]}}