{"id":1577,"date":"2024-10-30T11:11:00","date_gmt":"2024-10-30T10:11:00","guid":{"rendered":"https:\/\/boln.eu\/?p=1577"},"modified":"2025-01-30T12:27:47","modified_gmt":"2025-01-30T11:27:47","slug":"boln-presents-its-collections-at-orgatec-2024","status":"publish","type":"post","link":"https:\/\/boln.eu\/en\/boln-presenta-sus-colecciones-en-orgatec-2024\/","title":{"rendered":"B\u00f5ln presents its collections at Orgatec 2024"},"content":{"rendered":"<p>Orgatec 2024, the leading international trade fair for office and workspace design, hosted the sector's main players in Cologne. During the event, B\u00f5ln presented its latest collections, showing how its proposals adapt to the new ways of working.<\/p>\n\n\n\n<p>During the event, B\u00f5ln stood out for its focus on creativity and functionality, attracting the interest of numerous professionals from all over the world. The inspiring conversations and new connections marked an unforgettable experience for the firm and motivate it to continue innovating new collections that foster collaboration and productivity.<\/p>\n\n\n\n<p>Orgatec continues to be a key meeting point for exploring trends and solutions in the workplace, and B\u00f5ln reaffirmed its commitment to creating functional and creative spaces.<\/p>\n\n\n\n<hr class=\"wp-block-separator has-text-color has-alpha-channel-opacity has-background\" style=\"background-color:#f0f0f0;color:#f0f0f0\"\/>\n\n\n\n<p>Poliuretanos Rivas S.A. has been a beneficiary of the Mentoring and Support Programme for the internationalisation of SMEs.<\/p>\n\n\n\n<figure class=\"wp-block-image size-large\"><img loading=\"lazy\" decoding=\"async\" width=\"1024\" height=\"73\" src=\"https:\/\/boln.eu\/wp-content\/uploads\/2025\/01\/NoticiaBolnOrgatec_Banner-1024x73.png\" alt=\"\" class=\"wp-image-1588\" srcset=\"https:\/\/boln.eu\/wp-content\/uploads\/2025\/01\/NoticiaBolnOrgatec_Banner-1024x73.png 1024w, https:\/\/boln.eu\/wp-content\/uploads\/2025\/01\/NoticiaBolnOrgatec_Banner-300x21.png 300w, https:\/\/boln.eu\/wp-content\/uploads\/2025\/01\/NoticiaBolnOrgatec_Banner-768x55.png 768w, https:\/\/boln.eu\/wp-content\/uploads\/2025\/01\/NoticiaBolnOrgatec_Banner-1536x110.png 1536w, https:\/\/boln.eu\/wp-content\/uploads\/2025\/01\/NoticiaBolnOrgatec_Banner.png 1920w\" sizes=\"auto, (max-width: 1024px) 100vw, 1024px\" \/><\/figure>","protected":false},"excerpt":{"rendered":"<p>Innovation in contemporary work environments<\/p>","protected":false},"author":5,"featured_media":1579,"comment_status":"open","ping_status":"open","sticky":false,"template":"","format":"standard","meta":{"_acf_changed":false,"inline_featured_image":false,"footnotes":""},"categories":[15],"tags":[],"class_list":["post-1577","post","type-post","status-publish","format-standard","has-post-thumbnail","hentry","category-eventos"],"acf":[],"yoast_head":"<!-- This site is optimized with the Yoast SEO plugin v27.3 - https:\/\/yoast.com\/product\/yoast-seo-wordpress\/ -->\n<title>B\u00f5ln presenta sus colecciones en Orgatec 2024 - Boln<\/title>\n<meta name=\"robots\" content=\"index, follow, max-snippet:-1, max-image-preview:large, max-video-preview:-1\" \/>\n<link rel=\"canonical\" href=\"https:\/\/boln.eu\/en\/boln-presents-its-collections-at-orgatec-2024\/\" \/>\n<meta property=\"og:locale\" content=\"en_GB\" \/>\n<meta property=\"og:type\" content=\"article\" \/>\n<meta property=\"og:title\" content=\"B\u00f5ln presenta sus colecciones en Orgatec 2024 - Boln\" \/>\n<meta property=\"og:description\" content=\"Innovaci\u00f3n en entornos de trabajo contempor\u00e1neos\" \/>\n<meta property=\"og:url\" content=\"https:\/\/boln.eu\/en\/boln-presents-its-collections-at-orgatec-2024\/\" \/>\n<meta property=\"og:site_name\" content=\"Boln\" \/>\n<meta property=\"article:published_time\" content=\"2024-10-30T10:11:00+00:00\" \/>\n<meta property=\"article:modified_time\" content=\"2025-01-30T11:27:47+00:00\" \/>\n<meta property=\"og:image\" content=\"https:\/\/boln.eu\/wp-content\/uploads\/2025\/01\/Orgatec24_Boln.webp\" \/>\n\t<meta property=\"og:image:width\" content=\"1300\" \/>\n\t<meta property=\"og:image:height\" content=\"794\" \/>\n\t<meta property=\"og:image:type\" content=\"image\/webp\" \/>\n<meta name=\"author\" content=\"jose\" \/>\n<meta name=\"twitter:card\" content=\"summary_large_image\" \/>\n<meta name=\"twitter:label1\" content=\"Written by\" \/>\n\t<meta name=\"twitter:data1\" content=\"jose\" \/>\n\t<meta name=\"twitter:label2\" content=\"Estimated reading time\" \/>\n\t<meta name=\"twitter:data2\" content=\"2 minutes\" \/>\n<script type=\"application\/ld+json\" class=\"yoast-schema-graph\">{\"@context\":\"https:\\\/\\\/schema.org\",\"@graph\":[{\"@type\":\"Article\",\"@id\":\"https:\\\/\\\/boln.eu\\\/boln-presenta-sus-colecciones-en-orgatec-2024\\\/#article\",\"isPartOf\":{\"@id\":\"https:\\\/\\\/boln.eu\\\/boln-presenta-sus-colecciones-en-orgatec-2024\\\/\"},\"author\":{\"name\":\"jose\",\"@id\":\"https:\\\/\\\/boln.eu\\\/#\\\/schema\\\/person\\\/68cbf679b6d9133b4f64bc5e86461f25\"},\"headline\":\"B\u00f5ln presenta sus colecciones en Orgatec 2024\",\"datePublished\":\"2024-10-30T10:11:00+00:00\",\"dateModified\":\"2025-01-30T11:27:47+00:00\",\"mainEntityOfPage\":{\"@id\":\"https:\\\/\\\/boln.eu\\\/boln-presenta-sus-colecciones-en-orgatec-2024\\\/\"},\"wordCount\":161,\"commentCount\":0,\"publisher\":{\"@id\":\"https:\\\/\\\/boln.eu\\\/#organization\"},\"image\":{\"@id\":\"https:\\\/\\\/boln.eu\\\/boln-presenta-sus-colecciones-en-orgatec-2024\\\/#primaryimage\"},\"thumbnailUrl\":\"https:\\\/\\\/boln.eu\\\/wp-content\\\/uploads\\\/2025\\\/01\\\/Orgatec24_Boln.webp\",\"articleSection\":[\"Eventos\"],\"inLanguage\":\"en-GB\",\"potentialAction\":[{\"@type\":\"CommentAction\",\"name\":\"Comment\",\"target\":[\"https:\\\/\\\/boln.eu\\\/boln-presenta-sus-colecciones-en-orgatec-2024\\\/#respond\"]}]},{\"@type\":\"WebPage\",\"@id\":\"https:\\\/\\\/boln.eu\\\/boln-presenta-sus-colecciones-en-orgatec-2024\\\/\",\"url\":\"https:\\\/\\\/boln.eu\\\/boln-presenta-sus-colecciones-en-orgatec-2024\\\/\",\"name\":\"B\u00f5ln presenta sus colecciones en Orgatec 2024 - Boln\",\"isPartOf\":{\"@id\":\"https:\\\/\\\/boln.eu\\\/#website\"},\"primaryImageOfPage\":{\"@id\":\"https:\\\/\\\/boln.eu\\\/boln-presenta-sus-colecciones-en-orgatec-2024\\\/#primaryimage\"},\"image\":{\"@id\":\"https:\\\/\\\/boln.eu\\\/boln-presenta-sus-colecciones-en-orgatec-2024\\\/#primaryimage\"},\"thumbnailUrl\":\"https:\\\/\\\/boln.eu\\\/wp-content\\\/uploads\\\/2025\\\/01\\\/Orgatec24_Boln.webp\",\"datePublished\":\"2024-10-30T10:11:00+00:00\",\"dateModified\":\"2025-01-30T11:27:47+00:00\",\"breadcrumb\":{\"@id\":\"https:\\\/\\\/boln.eu\\\/boln-presenta-sus-colecciones-en-orgatec-2024\\\/#breadcrumb\"},\"inLanguage\":\"en-GB\",\"potentialAction\":[{\"@type\":\"ReadAction\",\"target\":[\"https:\\\/\\\/boln.eu\\\/boln-presenta-sus-colecciones-en-orgatec-2024\\\/\"]}]},{\"@type\":\"ImageObject\",\"inLanguage\":\"en-GB\",\"@id\":\"https:\\\/\\\/boln.eu\\\/boln-presenta-sus-colecciones-en-orgatec-2024\\\/#primaryimage\",\"url\":\"https:\\\/\\\/boln.eu\\\/wp-content\\\/uploads\\\/2025\\\/01\\\/Orgatec24_Boln.webp\",\"contentUrl\":\"https:\\\/\\\/boln.eu\\\/wp-content\\\/uploads\\\/2025\\\/01\\\/Orgatec24_Boln.webp\",\"width\":1300,\"height\":794},{\"@type\":\"BreadcrumbList\",\"@id\":\"https:\\\/\\\/boln.eu\\\/boln-presenta-sus-colecciones-en-orgatec-2024\\\/#breadcrumb\",\"itemListElement\":[{\"@type\":\"ListItem\",\"position\":1,\"name\":\"Portada\",\"item\":\"https:\\\/\\\/boln.eu\\\/\"},{\"@type\":\"ListItem\",\"position\":2,\"name\":\"B\u00f5ln presenta sus colecciones en Orgatec 2024\"}]},{\"@type\":\"WebSite\",\"@id\":\"https:\\\/\\\/boln.eu\\\/#website\",\"url\":\"https:\\\/\\\/boln.eu\\\/\",\"name\":\"Boln\",\"description\":\"El futuro es adaptarse de manera flexible.\",\"publisher\":{\"@id\":\"https:\\\/\\\/boln.eu\\\/#organization\"},\"potentialAction\":[{\"@type\":\"SearchAction\",\"target\":{\"@type\":\"EntryPoint\",\"urlTemplate\":\"https:\\\/\\\/boln.eu\\\/?s={search_term_string}\"},\"query-input\":{\"@type\":\"PropertyValueSpecification\",\"valueRequired\":true,\"valueName\":\"search_term_string\"}}],\"inLanguage\":\"en-GB\"},{\"@type\":\"Organization\",\"@id\":\"https:\\\/\\\/boln.eu\\\/#organization\",\"name\":\"Boln\",\"url\":\"https:\\\/\\\/boln.eu\\\/\",\"logo\":{\"@type\":\"ImageObject\",\"inLanguage\":\"en-GB\",\"@id\":\"https:\\\/\\\/boln.eu\\\/#\\\/schema\\\/logo\\\/image\\\/\",\"url\":\"https:\\\/\\\/boln.eu\\\/wp-content\\\/uploads\\\/2024\\\/08\\\/logo-boln.svg\",\"contentUrl\":\"https:\\\/\\\/boln.eu\\\/wp-content\\\/uploads\\\/2024\\\/08\\\/logo-boln.svg\",\"width\":81,\"height\":30,\"caption\":\"Boln\"},\"image\":{\"@id\":\"https:\\\/\\\/boln.eu\\\/#\\\/schema\\\/logo\\\/image\\\/\"}},{\"@type\":\"Person\",\"@id\":\"https:\\\/\\\/boln.eu\\\/#\\\/schema\\\/person\\\/68cbf679b6d9133b4f64bc5e86461f25\",\"name\":\"jose\",\"image\":{\"@type\":\"ImageObject\",\"inLanguage\":\"en-GB\",\"@id\":\"https:\\\/\\\/secure.gravatar.com\\\/avatar\\\/079dce672dc28b2c5ffd3062a1bb1cac04f2262e5df73e534cf4ebb1fea22dd6?s=96&d=mm&r=g\",\"url\":\"https:\\\/\\\/secure.gravatar.com\\\/avatar\\\/079dce672dc28b2c5ffd3062a1bb1cac04f2262e5df73e534cf4ebb1fea22dd6?s=96&d=mm&r=g\",\"contentUrl\":\"https:\\\/\\\/secure.gravatar.com\\\/avatar\\\/079dce672dc28b2c5ffd3062a1bb1cac04f2262e5df73e534cf4ebb1fea22dd6?s=96&d=mm&r=g\",\"caption\":\"jose\"},\"url\":\"https:\\\/\\\/boln.eu\\\/en\\\/author\\\/jose\\\/\"}]}<\/script>\n<!-- \/ Yoast SEO plugin. -->","yoast_head_json":{"title":"B\u00f5ln presents its collections at Orgatec 2024 - Boln","robots":{"index":"index","follow":"follow","max-snippet":"max-snippet:-1","max-image-preview":"max-image-preview:large","max-video-preview":"max-video-preview:-1"},"canonical":"https:\/\/boln.eu\/en\/boln-presents-its-collections-at-orgatec-2024\/","og_locale":"en_GB","og_type":"article","og_title":"B\u00f5ln presenta sus colecciones en Orgatec 2024 - Boln","og_description":"Innovaci\u00f3n en entornos de trabajo contempor\u00e1neos","og_url":"https:\/\/boln.eu\/en\/boln-presents-its-collections-at-orgatec-2024\/","og_site_name":"Boln","article_published_time":"2024-10-30T10:11:00+00:00","article_modified_time":"2025-01-30T11:27:47+00:00","og_image":[{"width":1300,"height":794,"url":"https:\/\/boln.eu\/wp-content\/uploads\/2025\/01\/Orgatec24_Boln.webp","type":"image\/webp"}],"author":"jose","twitter_card":"summary_large_image","twitter_misc":{"Written by":"jose","Estimated reading time":"2 minutes"},"schema":{"@context":"https:\/\/schema.org","@graph":[{"@type":"Article","@id":"https:\/\/boln.eu\/boln-presenta-sus-colecciones-en-orgatec-2024\/#article","isPartOf":{"@id":"https:\/\/boln.eu\/boln-presenta-sus-colecciones-en-orgatec-2024\/"},"author":{"name":"jose","@id":"https:\/\/boln.eu\/#\/schema\/person\/68cbf679b6d9133b4f64bc5e86461f25"},"headline":"B\u00f5ln presenta sus colecciones en Orgatec 2024","datePublished":"2024-10-30T10:11:00+00:00","dateModified":"2025-01-30T11:27:47+00:00","mainEntityOfPage":{"@id":"https:\/\/boln.eu\/boln-presenta-sus-colecciones-en-orgatec-2024\/"},"wordCount":161,"commentCount":0,"publisher":{"@id":"https:\/\/boln.eu\/#organization"},"image":{"@id":"https:\/\/boln.eu\/boln-presenta-sus-colecciones-en-orgatec-2024\/#primaryimage"},"thumbnailUrl":"https:\/\/boln.eu\/wp-content\/uploads\/2025\/01\/Orgatec24_Boln.webp","articleSection":["Eventos"],"inLanguage":"en-GB","potentialAction":[{"@type":"CommentAction","name":"Comment","target":["https:\/\/boln.eu\/boln-presenta-sus-colecciones-en-orgatec-2024\/#respond"]}]},{"@type":"WebPage","@id":"https:\/\/boln.eu\/boln-presenta-sus-colecciones-en-orgatec-2024\/","url":"https:\/\/boln.eu\/boln-presenta-sus-colecciones-en-orgatec-2024\/","name":"B\u00f5ln presents its collections at Orgatec 2024 - Boln","isPartOf":{"@id":"https:\/\/boln.eu\/#website"},"primaryImageOfPage":{"@id":"https:\/\/boln.eu\/boln-presenta-sus-colecciones-en-orgatec-2024\/#primaryimage"},"image":{"@id":"https:\/\/boln.eu\/boln-presenta-sus-colecciones-en-orgatec-2024\/#primaryimage"},"thumbnailUrl":"https:\/\/boln.eu\/wp-content\/uploads\/2025\/01\/Orgatec24_Boln.webp","datePublished":"2024-10-30T10:11:00+00:00","dateModified":"2025-01-30T11:27:47+00:00","breadcrumb":{"@id":"https:\/\/boln.eu\/boln-presenta-sus-colecciones-en-orgatec-2024\/#breadcrumb"},"inLanguage":"en-GB","potentialAction":[{"@type":"ReadAction","target":["https:\/\/boln.eu\/boln-presenta-sus-colecciones-en-orgatec-2024\/"]}]},{"@type":"ImageObject","inLanguage":"en-GB","@id":"https:\/\/boln.eu\/boln-presenta-sus-colecciones-en-orgatec-2024\/#primaryimage","url":"https:\/\/boln.eu\/wp-content\/uploads\/2025\/01\/Orgatec24_Boln.webp","contentUrl":"https:\/\/boln.eu\/wp-content\/uploads\/2025\/01\/Orgatec24_Boln.webp","width":1300,"height":794},{"@type":"BreadcrumbList","@id":"https:\/\/boln.eu\/boln-presenta-sus-colecciones-en-orgatec-2024\/#breadcrumb","itemListElement":[{"@type":"ListItem","position":1,"name":"Portada","item":"https:\/\/boln.eu\/"},{"@type":"ListItem","position":2,"name":"B\u00f5ln presenta sus colecciones en Orgatec 2024"}]},{"@type":"WebSite","@id":"https:\/\/boln.eu\/#website","url":"https:\/\/boln.eu\/","name":"Boln","description":"The future is about adapting flexibly.","publisher":{"@id":"https:\/\/boln.eu\/#organization"},"potentialAction":[{"@type":"SearchAction","target":{"@type":"EntryPoint","urlTemplate":"https:\/\/boln.eu\/?s={search_term_string}"},"query-input":{"@type":"PropertyValueSpecification","valueRequired":true,"valueName":"search_term_string"}}],"inLanguage":"en-GB"},{"@type":"Organization","@id":"https:\/\/boln.eu\/#organization","name":"Boln","url":"https:\/\/boln.eu\/","logo":{"@type":"ImageObject","inLanguage":"en-GB","@id":"https:\/\/boln.eu\/#\/schema\/logo\/image\/","url":"https:\/\/boln.eu\/wp-content\/uploads\/2024\/08\/logo-boln.svg","contentUrl":"https:\/\/boln.eu\/wp-content\/uploads\/2024\/08\/logo-boln.svg","width":81,"height":30,"caption":"Boln"},"image":{"@id":"https:\/\/boln.eu\/#\/schema\/logo\/image\/"}},{"@type":"Person","@id":"https:\/\/boln.eu\/#\/schema\/person\/68cbf679b6d9133b4f64bc5e86461f25","name":"jose","image":{"@type":"ImageObject","inLanguage":"en-GB","@id":"https:\/\/secure.gravatar.com\/avatar\/079dce672dc28b2c5ffd3062a1bb1cac04f2262e5df73e534cf4ebb1fea22dd6?s=96&d=mm&r=g","url":"https:\/\/secure.gravatar.com\/avatar\/079dce672dc28b2c5ffd3062a1bb1cac04f2262e5df73e534cf4ebb1fea22dd6?s=96&d=mm&r=g","contentUrl":"https:\/\/secure.gravatar.com\/avatar\/079dce672dc28b2c5ffd3062a1bb1cac04f2262e5df73e534cf4ebb1fea22dd6?s=96&d=mm&r=g","caption":"jose"},"url":"https:\/\/boln.eu\/en\/author\/jose\/"}]}},"_links":{"self":[{"href":"https:\/\/boln.eu\/en\/wp-json\/wp\/v2\/posts\/1577","targetHints":{"allow":["GET"]}}],"collection":[{"href":"https:\/\/boln.eu\/en\/wp-json\/wp\/v2\/posts"}],"about":[{"href":"https:\/\/boln.eu\/en\/wp-json\/wp\/v2\/types\/post"}],"author":[{"embeddable":true,"href":"https:\/\/boln.eu\/en\/wp-json\/wp\/v2\/users\/5"}],"replies":[{"embeddable":true,"href":"https:\/\/boln.eu\/en\/wp-json\/wp\/v2\/comments?post=1577"}],"version-history":[{"count":5,"href":"https:\/\/boln.eu\/en\/wp-json\/wp\/v2\/posts\/1577\/revisions"}],"predecessor-version":[{"id":1598,"href":"https:\/\/boln.eu\/en\/wp-json\/wp\/v2\/posts\/1577\/revisions\/1598"}],"wp:featuredmedia":[{"embeddable":true,"href":"https:\/\/boln.eu\/en\/wp-json\/wp\/v2\/media\/1579"}],"wp:attachment":[{"href":"https:\/\/boln.eu\/en\/wp-json\/wp\/v2\/media?parent=1577"}],"wp:term":[{"taxonomy":"category","embeddable":true,"href":"https:\/\/boln.eu\/en\/wp-json\/wp\/v2\/categories?post=1577"},{"taxonomy":"post_tag","embeddable":true,"href":"https:\/\/boln.eu\/en\/wp-json\/wp\/v2\/tags?post=1577"}],"curies":[{"name":"wp","href":"https:\/\/api.w.org\/{rel}","templated":true}]}}